{"id":16123,"date":"2017-08-13T20:02:15","date_gmt":"2017-08-13T20:02:15","guid":{"rendered":"http:\/\/fram.is\/?p=16123"},"modified":"2017-08-13T20:02:15","modified_gmt":"2017-08-13T20:02:15","slug":"cest-fou","status":"publish","type":"post","link":"https:\/\/fram.is\/is\/2017\/08\/13\/cest-fou\/","title":{"rendered":"C\u00b4est fou!"},"content":{"rendered":"<p><a href=\"http:\/\/fram.is\/is\/2017\/06\/bragddauft\/fram-haukar-3\/\"><img fetchpriority=\"high\" decoding=\"async\" class=\"alignright size-medium wp-image-15823\" src=\"http:\/\/fram.is\/wp-content\/uploads\/2017\/06\/FRAM-Haukar-300x200.jpg\" alt=\"\" width=\"300\" height=\"200\" \/><\/a>Alla n\u00edtj\u00e1ndu \u00f6ld og nokku\u00f0 fram \u00e1 \u00fe\u00e1 tuttugustu s\u00f3ttu franskir sk\u00fatusj\u00f3menn \u00e1 \u00cdslandsmi\u00f0. Umsvif Frakka voru sl\u00edk a\u00f0 fr\u00f6nsk stj\u00f3rnv\u00f6ld og f\u00e9lagasamt\u00f6k h\u00f3fu rekstur sp\u00edtala og sj\u00fakrask\u00fdla \u00fear sem veikum og sl\u00f6su\u00f0um Fr\u00f6kkum var veitt a\u00f0hlynning. Sj\u00fakrastofnanir \u00feessar voru jafnframt opnar \u00cdslendingum eftir \u00fev\u00ed sem unnt var og m\u00e1 segja a\u00f0 Frakkar hafi \u00feannig lagt grunninn a\u00f0 n\u00fat\u00edmaheilbrig\u00f0iskerfi \u00e1 \u00cdslandi.<\/p>\n<p>\u00d3v\u00ed\u00f0a voru fr\u00f6nsku \u00e1hrifin meiri en \u00e1 F\u00e1skr\u00fa\u00f0sfir\u00f0i. Kl\u00f3kir fer\u00f0am\u00e1lafork\u00f3lfar eystra hafa \u00e1kve\u00f0i\u00f0 a\u00f0 n\u00fdta s\u00e9r \u00feessa s\u00f6gulegu sta\u00f0reynd me\u00f0 \u00fdmum h\u00e6tti. \u00c1r hvert eru haldnir franskir dagar \u00e1 F\u00e1skr\u00fa\u00f0sfir\u00f0i me\u00f0 tilheyrandi osta\u00e1ti og rau\u00f0v\u00edms\u00feambi, auk \u00feess sem keppt er \u00ed p\u00e9tanque, sem er tilger\u00f0arleg \u00fatg\u00e1fa af boccia. Og til fullkomna fr\u00f6nsku tenginguna bera \u00f6ll g\u00f6tuskilti \u00ed b\u00e6num einnig franska \u00fatg\u00e1fu vi\u00f0komandi g\u00f6tuheitis. \u00cd \u00feeim anda ver\u00f0a handah\u00f3fskennd or\u00f0 og or\u00f0asamb\u00f6nd \u00ed \u00feessum pistli \u00fe\u00fddd yfir \u00e1 fr\u00f6nsku me\u00f0 hj\u00e1lp Google Translate (Traduire avec google).<\/p>\n<p>\u00c1\u00f0ur er lengra er haldi\u00f0, er r\u00e9tt a\u00f0 fr\u00e9ttaritari Frams\u00ed\u00f0unnar j\u00e1ti \u00e1 sig d\u00e1l\u00e6ti \u00e1 li\u00f0i Leiknis F\u00e1skr\u00fa\u00f0sfjar\u00f0ar. \u00dea\u00f0 er \u00ed raun h\u00e1lfgert \u00f6skubusku\u00e6vint\u00fdri 700 manna b\u00e6jarf\u00e9lag geti haldi\u00f0 \u00fati li\u00f0i \u00ed n\u00e6stefstu deild sem a\u00f0 meirihluta til er bori\u00f0 uppi af heima\u00f6ldum str\u00e1kum. F\u00e1skr\u00fa\u00f0sfir\u00f0i ver\u00f0ur t\u00e6plega bjarga\u00f0 fr\u00e1 falli (souv\u00e9 de la r\u00e9lagation) \u00far \u00feessu, en vonandi l\u00ed\u00f0ur ekki \u00e1 l\u00f6ngu uns li\u00f0i\u00f0 fer aftur upp. A\u00f0 \u00fev\u00ed s\u00f6g\u00f0u \u00e6tla \u00e9g a\u00f0 \u00f3ska \u00feess a\u00f0 Fram og Leiknir F. eigi aldrei aftur eftir a\u00f0 m\u00e6tast \u00ed deildarleik.<\/p>\n<p>Framarar l\u00e9ku 4-4-2 a\u00f0 \u00feessu sinni \u2013 l\u00edkt og raunar \u00ed flestum \u00feeim leikjum \u00ed sumar \u00fear sem stig hafa unnist. Hlynur var sem fyrr \u00ed markinu og \u00e1tti tv\u00edvegis fr\u00e1b\u00e6rar v\u00f6rslur. Dino og Krist\u00f3fer voru \u00ed mi\u00f0var\u00f0arst\u00f6\u00f0unum en Sigurp\u00e1ll og Orri \u00ed bakv\u00f6r\u00f0unum. H\u00f6gni var aftastur \u00e1 mi\u00f0junni me\u00f0 Hlyn Atla fyrir framan sig og Brynjar og Indri\u00f0a \u00c1ka \u00e1 k\u00f6ntunum. Bubalo og Gu\u00f0mundur frammi. Allt sem sagt eftir b\u00f3kinni (comme pr\u00e9vu).<\/p>\n<p>Fr\u00e9ttaritarinn var h\u00e1lfumkomulaus \u00e1 vellinum \u00e1n s\u00edns hef\u00f0bundna sessunautar og \u00fea\u00f0 sem verra var, \u00e1n visk\u00fdfleygsins \u00f3missandi (cale de whisky essentiel), sem dreginn er fram \u00ed hvert sinn sem okkar menn skora. \u00deess \u00ed sta\u00f0 var seti\u00f0 vi\u00f0 hli\u00f0ina \u00e1 kunningja a\u00f0 austan sem rakti \u00ed sm\u00e1atri\u00f0um \u00e6ttir og bakgrunn allra Leiknismanna og l\u00e9t \u00f6llum illum l\u00e1tum \u00feegar gestirnir skoru\u00f0u.<\/p>\n<p>Reyndar virtist framan af l\u00edtil h\u00e6tta \u00e1 a\u00f0 s\u00e1 austfirski l\u00e9ti miki\u00f0 a\u00f0 s\u00e9r kve\u00f0a. Framarar voru mun sterkari \u00ed byrjun og virtust eiga au\u00f0velt me\u00f0 a\u00f0 splundra Leiknisv\u00f6rninni, ef \u00feeir a\u00f0eins nenntu a\u00f0 auka hra\u00f0ann l\u00edtilsh\u00e1ttar. \u00deegar \u00e1 sj\u00f6undu m\u00edn\u00fatu f\u00e9kk Bubalo dau\u00f0af\u00e6ri, \u00feegar hann st\u00f3\u00f0 einn \u00e1 m\u00f3ti markver\u00f0i andst\u00e6\u00f0inganna, eftir a\u00f0 allir varnarmennirnir h\u00f6f\u00f0u stoppa\u00f0 \u00ed \u00feeirri tr\u00fa a\u00f0 Kr\u00f3atinn k\u00e1ti (Croatie joie) v\u00e6ri rangst\u00e6\u00f0ur. Ekki t\u00f3kst okkar manni a\u00f0 skora og \u00fea\u00f0 sama ger\u00f0ist nokkrum sinnum \u00ed vi\u00f0b\u00f3t \u00ed leiknum. Framherjar af \u00feessum g\u00e6\u00f0aflokki ver\u00f0a a\u00f0 gera betur.<\/p>\n<p>Bubalo \u00e1 \u00fe\u00f3 hei\u00f0ur skilinn fyrir \u00fe\u00e1tt sinn \u00ed fyrsta marki leiksins \u00e1 25. . m\u00edn\u00fatu. Indri\u00f0i \u00c1ki sprengdi s\u00e9r lei\u00f0 \u00ed gegnum v\u00f6rnina, hlj\u00f3p upp a\u00f0 endam\u00f6rkum og sendi stutt \u00e1 Bubalo sem sneri s\u00e9r eldsn\u00f6ggt \u00ed h\u00e1lfhring og sendi beint \u00e1 Gu\u00f0mund Magn\u00fasson sem kom a\u00f0v\u00edfandi og setti boltann \u00ed neti\u00f0. Rangst\u00f6\u00f0ulykt? Tjah, veit \u00fea\u00f0 ekki \u2013 en f\u00e9laginn a\u00f0 austan var eitthva\u00f0 a\u00f0 kveinka s\u00e9r (se plaindre un peu).<\/p>\n<p>\u00deegar h\u00e9r var komi\u00f0 s\u00f6gu hef\u00f0i sta\u00f0an raunar geta\u00f0 veri\u00f0 or\u00f0in 4:1, ef b\u00e6\u00f0i li\u00f0 hef\u00f0u n\u00fdtt afbrag\u00f0sf\u00e6ri s\u00edn \u00ed leik hinna taugaveiklu\u00f0u varna. Ekki t\u00f3kst Framli\u00f0inu \u00fe\u00f3 a\u00f0 gera s\u00e9r mat \u00far forskotinu. \u00c1 29. m\u00edn\u00fatu j\u00f6fnu\u00f0u gestirnir. Varnarmenn Fram hreinsu\u00f0u \u00far \u00fev\u00f6gu (purifi\u00e9e \u00e1 partir rapproch\u00e9s) \u00fat \u00far v\u00edtateignum, beint fyrir f\u00e6tur eins \u00feeirra rau\u00f0kl\u00e6ddu sem n\u00e1\u00f0i bylmingsskoti \u00ed markhorni\u00f0. Hlynur n\u00e1\u00f0i ekki einu sinni a\u00f0 hreyfa sig \u00ed \u00e1ttina a\u00f0 boltanum, enda s\u00e9\u00f0 hann seint. M\u00edn\u00fatu s\u00ed\u00f0ar m\u00e1tti minnstu muna a\u00f0 Leiknir k\u00e6mist \u00ed 1:2, eftir klaufaleg mist\u00f6k \u00ed Framv\u00f6rninni.<\/p>\n<p>\u00c1 hinum enda vallarins var Gu\u00f0mundur allt \u00ed \u00f6llu og \u00e1tti tv\u00f6 til \u00ferj\u00fa g\u00f3\u00f0 f\u00e6ri \u00e1\u00f0ur en h\u00e1lfleikurinn var \u00fati. \u00dea\u00f0 var \u00fe\u00f3 Leiknisli\u00f0i\u00f0 sem f\u00f3r hl\u00e6jandi til b\u00faningsklefa, \u00fev\u00ed \u00e1 markam\u00edn\u00fatunni n\u00e1\u00f0i einn Leiknisma\u00f0urinn \u2013 og fjarri \u00fev\u00ed s\u00e1 h\u00e1vaxnasti (les fournisserus de grand pas) \u2013 skalla af l\u00f6ngu f\u00e6ri eftir hornspyrnu sem flaut beint upp \u00ed vinkilinn. 1:2 \u00ed h\u00e1lfleik og jafnvel f\u00ednskorin s\u00fakkula\u00f0ikakan og r\u00f3tsterkt kaffi\u00f0 n\u00e1\u00f0i ekki a\u00f0 l\u00e9tta stemninguna \u00ed hl\u00e9i.<\/p>\n<p>Helgi kom inn\u00e1 fyrir Hlyn Atla \u00ed byrjun seinni h\u00e1lfleiks, \u00fear sem Leiknismenn virtust sta\u00f0r\u00e1\u00f0nir \u00ed a\u00f0 halda fengnum hlut\u2026 og \u00fea\u00f0 jafnvel um of. Hl\u00e1leg upp\u00e1koma \u00e1tti s\u00e9r sta\u00f0 \u00e1 49. m\u00edn\u00fatu \u00fear sem varnarma\u00f0ur Leiknis sendi aftur til markvar\u00f0arins sem t\u00f3k s\u00e9r allan t\u00edmann \u00ed heiminum \u00ed a\u00f0 hinkra eftir a\u00f0 Bubalo nennti a\u00f0 tr\u00edtla \u00ed \u00e1ttina a\u00f0 honum. \u00de\u00e1 var svo langur t\u00edmi li\u00f0inn a\u00f0 markv\u00f6r\u00f0urinn haf\u00f0i steingleymt hva\u00f0an sendingin kom og t\u00f3k boltann upp: \u00f3bein aukaspyrna.<\/p>\n<p>\u00dea\u00f0 voru mj\u00f6g stuttir n\u00edu metrar (court neuf m\u00e9tres) \u00ed varnarvegginn og hvatv\u00edsir Leiknismenn komnir n\u00e1nast upp a\u00f0 boltanum \u00feegar honum var spyrnt a\u00f0 marki. \u00dea\u00f0an hr\u00f6kk kn\u00f6tturinn \u00fat\u00far teignum. A\u00f0v\u00edfandi Framari lyfti honum inn \u00ed teiginn \u00fear sem Gu\u00f0mundur teyg\u00f0i sig fram og vippa\u00f0i yfir markv\u00f6r\u00f0 andst\u00e6\u00f0inganna, 2:2.<\/p>\n<p>M\u00edn\u00fatu s\u00ed\u00f0ar l\u00e1 boltinn enn \u00e1 n\u00fd \u00ed Leiknismarkinu. Framarar \u00e1ttu skyndis\u00f3kn og einn varnarmanna gestanna, enn vanka\u00f0ur eftir j\u00f6fnunarmarki\u00f0, \u00e1kva\u00f0 a\u00f0 bjarga hornspyrnu me\u00f0 \u00fev\u00ed a\u00f0 senda boltann \u00fat \u00ed mi\u00f0jan teiginn. Brynjar sl\u00f3 ekki hendinni \u00e1 m\u00f3ti g\u00f3\u00f0u bo\u00f0i (voulez vous) og skora\u00f0i af stuttu f\u00e6ri, 3:2.<\/p>\n<p>\u00cd sta\u00f0 \u00feess a\u00f0 l\u00e1ta hn\u00e9 fylgja kvi\u00f0i slakna\u00f0i \u00e1 bens\u00ednf\u00e6tinum (pied da l\u00b4ann\u00e9l\u00e9rateur) hj\u00e1 okkar m\u00f6nnum. Leiknismenn unnu sig h\u00e6gt og b\u00edtandi inn \u00ed leikinn og voru n\u00e6rri b\u00fanir a\u00f0 jafna \u00e1 64. m\u00edn\u00fatu eftir lj\u00f3t varnarmist\u00f6k. Enn m\u00e1tti litlu muna a\u00f0 Leiknir skora\u00f0i sitt \u00feri\u00f0ja mark \u00e1 83. m\u00edn\u00fatu en \u00e1g\u00e6tt skot \u00feeirra f\u00f3r r\u00e9tt framhj\u00e1. \u00deegar \u00fear var komi\u00f0 s\u00f6gu haf\u00f0i Fram kl\u00e1ra\u00f0 allar skiptingar s\u00ednar, \u00fear sem Unnar og Axel komu inn fyrir Krist\u00f3fer og Gu\u00f0mund.<\/p>\n<p>Litlu var b\u00e6tt vi\u00f0 leikt\u00edmann og heyra m\u00e1tti marga varpa \u00f6ndinni l\u00e9ttar. G\u00f3\u00f0 \u00ferj\u00fa stig \u00ed h\u00fasi \u00ed sigri sem var \u00f6ruggari en markatalan gefur til kynna. Gu\u00f0mundur Magn\u00fasson var kl\u00e1rlega ma\u00f0ur leiksins, en Framarar ver\u00f0a a\u00f0 n\u00fdta f\u00e6rin s\u00edn betur (d\u00e9ja vu) gegn sterkari li\u00f0um deildarinnar ef \u00e6tlunin er a\u00f0 pr\u00edla h\u00e6rra upp t\u00f6fluna.<br \/>\nN\u00e6sti leikur ver\u00f0ur \u00e1 Akureyri og \u00fev\u00ed ekki von \u00e1 neinni leiksk\u00fdrslu, \u00feess \u00ed sta\u00f0 ver\u00f0ur fr\u00e9ttaritari Frams\u00ed\u00f0unnar \u00ed tjald\u00fatilegu \u00ed Borgarfir\u00f0i eins og f\u00ednn ma\u00f0ur. L\u00edfi\u00f0 er lj\u00faft, (J\u00b4aime la vie).<\/p>\n<p>Stef\u00e1n P\u00e1lsson<\/p>\n<p>&nbsp;<\/p>\n<p>&nbsp;<\/p>\n<p>&nbsp;<\/p>","protected":false},"excerpt":{"rendered":"<p>Alla n\u00edtj\u00e1ndu \u00f6ld og nokku\u00f0 fram \u00e1 \u00fe\u00e1 tuttugustu s\u00f3ttu franskir sk\u00fatusj\u00f3menn \u00e1 \u00cdslandsmi\u00f0. Umsvif Frakka voru sl\u00edk a\u00f0 fr\u00f6nsk stj\u00f3rnv\u00f6ld og f\u00e9lagasamt\u00f6k h\u00f3fu rekstur sp\u00edtala og sj\u00fakrask\u00fdla \u00fear sem [&hellip;]<\/p>","protected":false},"author":4,"featured_media":16027,"comment_status":"open","ping_status":"open","sticky":false,"template":"","format":"standard","meta":{"_monsterinsights_skip_tracking":false,"_monsterinsights_sitenote_active":false,"_monsterinsights_sitenote_note":"","_monsterinsights_sitenote_category":0,"_jetpack_memberships_contains_paid_content":false,"footnotes":""},"categories":[11,9],"tags":[],"class_list":["post-16123","post","type-post","status-publish","format-standard","has-post-thumbnail","hentry","category-mflkarla","category-fotbolti"],"jetpack_sharing_enabled":true,"jetpack_featured_media_url":"https:\/\/fram.is\/wp-content\/uploads\/2017\/07\/FRAM-HK-vefur.jpg","_links":{"self":[{"href":"https:\/\/fram.is\/is\/wp-json\/wp\/v2\/posts\/16123","targetHints":{"allow":["GET"]}}],"collection":[{"href":"https:\/\/fram.is\/is\/wp-json\/wp\/v2\/posts"}],"about":[{"href":"https:\/\/fram.is\/is\/wp-json\/wp\/v2\/types\/post"}],"author":[{"embeddable":true,"href":"https:\/\/fram.is\/is\/wp-json\/wp\/v2\/users\/4"}],"replies":[{"embeddable":true,"href":"https:\/\/fram.is\/is\/wp-json\/wp\/v2\/comments?post=16123"}],"version-history":[{"count":0,"href":"https:\/\/fram.is\/is\/wp-json\/wp\/v2\/posts\/16123\/revisions"}],"wp:featuredmedia":[{"embeddable":true,"href":"https:\/\/fram.is\/is\/wp-json\/wp\/v2\/media\/16027"}],"wp:attachment":[{"href":"https:\/\/fram.is\/is\/wp-json\/wp\/v2\/media?parent=16123"}],"wp:term":[{"taxonomy":"category","embeddable":true,"href":"https:\/\/fram.is\/is\/wp-json\/wp\/v2\/categories?post=16123"},{"taxonomy":"post_tag","embeddable":true,"href":"https:\/\/fram.is\/is\/wp-json\/wp\/v2\/tags?post=16123"}],"curies":[{"name":"wp","href":"https:\/\/api.w.org\/{rel}","templated":true}]}}