{"id":16150,"date":"2017-08-18T22:19:01","date_gmt":"2017-08-18T22:19:01","guid":{"rendered":"http:\/\/fram.is\/?p=16150"},"modified":"2017-08-18T22:19:01","modified_gmt":"2017-08-18T22:19:01","slug":"aftureldingfram-islandsmeistari-i-2-deild-kvenna","status":"publish","type":"post","link":"https:\/\/fram.is\/is\/2017\/08\/18\/aftureldingfram-islandsmeistari-i-2-deild-kvenna\/","title":{"rendered":"Afturelding\/FRAM \u00cdslandsmeistari \u00ed 2. deild kvenna"},"content":{"rendered":"<p><a href=\"http:\/\/fram.is\/is\/?attachment_id=16151\"><img fetchpriority=\"high\" decoding=\"async\" class=\"alignright size-medium wp-image-16151\" src=\"http:\/\/fram.is\/wp-content\/uploads\/2017\/08\/FRAM-UMFA-V\u00f6lsungur-300x200.jpg\" alt=\"\" width=\"300\" height=\"200\" \/><\/a>Afturelding\/FRAM var\u00f0 \u00ed kv\u00f6ld \u00cdslandsmeistari \u00ed 2. deild kvenna.<br \/>\nVi\u00f0 l\u00e9kum \u00ed kv\u00f6ld \u00e1 heimavelli a\u00f0 Varm\u00e1 gegn Fj\u00f6lni og lj\u00f3st a\u00f0 um h\u00f6rkuleik yr\u00f0i a\u00f0 r\u00e6\u00f0a. Vi\u00f0 vorum fyrir leikinn b\u00fainn a\u00f0 tryggja okkur s\u00e6ti \u00ed 1. deild a\u00f0 \u00e1ri en \u00feurftum a\u00f0 f\u00e1 stig til a\u00f0 tryggja okkur sigur \u00ed deildinni.<br \/>\n\u00dea\u00f0 var bo\u00f0i\u00f0 upp \u00e1 beina \u00fatsendingu fr\u00e1 leiknum \u00ed kv\u00f6ld og fr\u00e9ttaritari n\u00fdtti s\u00e9r \u00fea\u00f0.\u00a0 Flott ve\u00f0ur \u00ed Mos\u00f3 \u00ed dag en sm\u00e1 vindur eins og svo oft \u00ed Mos\u00f3, \u00feekki \u00fea\u00f0 af golfvellinum.<br \/>\nLeikurinn var \u00e1g\u00e6t skemmtun svona \u00e1 f\u00f6studagskveldi, bar\u00e1tta fr\u00e1 upphafi til enda en m\u00e9r fannst vi\u00f0 geta gert betur \u00fe.e a\u00f0 m\u00e9r fannst vi\u00f0 geta haldi\u00f0 boltanum meira og reynt betur a\u00f0 n\u00fdta okkar styrkleika.\u00a0 Geri m\u00e9r fulla grein fyrir \u00fev\u00ed a\u00f0 leikurinn var mj\u00f6g mikilv\u00e6gur og vi\u00f0 \u00e6tlu\u00f0um a\u00f0 s\u00e6kja stig og gulltryggja sigur \u00ed deildinni og \u00fea\u00f0 t\u00f3kst \u00ed kv\u00f6ld. M\u00e9r fannst vi\u00f0 betri allan leikinn og li\u00f0i\u00f0 okkar komi\u00f0 \u00a0\u00ed fanta form.\u00a0 Vi\u00f0 vorum flottar \u00ed dag. Sta\u00f0an var 0-0 \u00ed h\u00e1lfleik og \u00fea\u00f0 ur\u00f0u l\u00edka lokat\u00f6lur \u00ed kv\u00f6ld.<\/p>\n<p>\u00dear me\u00f0 er lj\u00f3st a\u00f0 vi\u00f0 leikum \u00ed 1. deild a\u00f0 \u00e1ri og \u00feetta verkefni a\u00f0 sameina li\u00f0 FRAM og Aftureldingar hefur tekist me\u00f0 \u00e1g\u00e6tum. Mikill metna\u00f0ur lag\u00f0ur \u00ed verkefni\u00f0 og allir \u00feeir sem hafa komi\u00f0 a\u00f0 \u00fev\u00ed eiga hr\u00f3s skili\u00f0. Gaman a\u00f0 sj\u00e1 \u00feegar f\u00f3lk kemur saman me\u00f0 \u00fea\u00f0 eitt a\u00f0 markmi\u00f0i a\u00f0 gera vel og vinna a\u00f0 framgangi kvennaf\u00f3tbolta \u00ed\u00a0 FRAM og Aftureldingu. Vel gert.<br \/>\nLi\u00f0i\u00f0 \u00e1 n\u00fana eftir a\u00f0 leika tvo leiki, b\u00e1\u00f0a \u00e1 \u00fativelli og \u00feurfum vi\u00f0 FRAMarar a\u00f0 fj\u00f6lmenna \u00e1 \u00feessa leiki og s\u00fdna li\u00f0inu okkar stu\u00f0ning \u00ed verki.<\/p>\n<p>Innilega til hamingju stelpur og nj\u00f3ti\u00f0 kv\u00f6ldsins.<\/p>\n<p>\u00c1FRAM FRAM\/AFTURELDING<\/p>","protected":false},"excerpt":{"rendered":"<p>Afturelding\/FRAM var\u00f0 \u00ed kv\u00f6ld \u00cdslandsmeistari \u00ed 2. deild kvenna. Vi\u00f0 l\u00e9kum \u00ed kv\u00f6ld \u00e1 heimavelli a\u00f0 Varm\u00e1 gegn Fj\u00f6lni og lj\u00f3st a\u00f0 um h\u00f6rkuleik yr\u00f0i a\u00f0 r\u00e6\u00f0a. Vi\u00f0 vorum fyrir [&hellip;]<\/p>","protected":false},"author":4,"featured_media":15647,"comment_status":"open","ping_status":"open","sticky":false,"template":"","format":"standard","meta":{"_monsterinsights_skip_tracking":false,"_monsterinsights_sitenote_active":false,"_monsterinsights_sitenote_note":"","_monsterinsights_sitenote_category":0,"_jetpack_memberships_contains_paid_content":false,"footnotes":""},"categories":[12,9],"tags":[],"class_list":["post-16150","post","type-post","status-publish","format-standard","has-post-thumbnail","hentry","category-mflkvenna","category-fotbolti"],"jetpack_sharing_enabled":true,"jetpack_featured_media_url":"https:\/\/fram.is\/wp-content\/uploads\/2017\/05\/mfl.jpg","_links":{"self":[{"href":"https:\/\/fram.is\/is\/wp-json\/wp\/v2\/posts\/16150","targetHints":{"allow":["GET"]}}],"collection":[{"href":"https:\/\/fram.is\/is\/wp-json\/wp\/v2\/posts"}],"about":[{"href":"https:\/\/fram.is\/is\/wp-json\/wp\/v2\/types\/post"}],"author":[{"embeddable":true,"href":"https:\/\/fram.is\/is\/wp-json\/wp\/v2\/users\/4"}],"replies":[{"embeddable":true,"href":"https:\/\/fram.is\/is\/wp-json\/wp\/v2\/comments?post=16150"}],"version-history":[{"count":0,"href":"https:\/\/fram.is\/is\/wp-json\/wp\/v2\/posts\/16150\/revisions"}],"wp:featuredmedia":[{"embeddable":true,"href":"https:\/\/fram.is\/is\/wp-json\/wp\/v2\/media\/15647"}],"wp:attachment":[{"href":"https:\/\/fram.is\/is\/wp-json\/wp\/v2\/media?parent=16150"}],"wp:term":[{"taxonomy":"category","embeddable":true,"href":"https:\/\/fram.is\/is\/wp-json\/wp\/v2\/categories?post=16150"},{"taxonomy":"post_tag","embeddable":true,"href":"https:\/\/fram.is\/is\/wp-json\/wp\/v2\/tags?post=16150"}],"curies":[{"name":"wp","href":"https:\/\/api.w.org\/{rel}","templated":true}]}}