{"id":16461,"date":"2017-09-21T09:30:51","date_gmt":"2017-09-21T09:30:51","guid":{"rendered":"http:\/\/fram.is\/?p=16461"},"modified":"2017-09-21T09:30:51","modified_gmt":"2017-09-21T09:30:51","slug":"viktor-gisli-valinn-i-a-landslidshop-islands","status":"publish","type":"post","link":"https:\/\/fram.is\/is\/2017\/09\/21\/viktor-gisli-valinn-i-a-landslidshop-islands\/","title":{"rendered":"Viktor G\u00edsli valinn \u00ed A landsli\u00f0sh\u00f3p \u00cdslands"},"content":{"rendered":"<p><a href=\"http:\/\/fram.is\/is\/2017\/05\/viktor-gisli-valinn-i-aefingahop-islands-u19\/viktor-gisli-2\/\"><img fetchpriority=\"high\" decoding=\"async\" class=\"alignright size-medium wp-image-15679\" src=\"http:\/\/fram.is\/wp-content\/uploads\/2017\/05\/Viktor-G\u00edsli-300x300.jpg\" alt=\"\" width=\"300\" height=\"300\" \/><\/a>Geir Sveinsson, \u00fej\u00e1lfari A landsli\u00f0 \u00cdslands karla \u00ed handbolta hefur vali\u00f0 h\u00f3p leikmanna sem spilar \u00e1 \u00cdslandi til \u00e6finga 29. september \u2013 1. okt\u00f3ber.<br \/>\nEkki er um al\u00fej\u00f3\u00f0lega landsli\u00f0sviku a\u00f0 r\u00e6\u00f0a og \u00fev\u00ed koma leikmenn sem spila erlendis ekki til greina \u00ed \u00feetta verkefni.<\/p>\n<p>Vi\u00f0 FRAMarar eru stoltir af \u00fev\u00ed a\u00f0 eiga einn fulltr\u00faa \u00ed \u00feessum \u00e6fingah\u00f3pi en Viktor G\u00edsli Hallgr\u00edmsson var valinn fr\u00e1 FRAM a\u00f0 \u00feessu sinni.<\/p>\n<p>Viktor G\u00edsli Hallgr\u00edmsson\u00a0\u00a0\u00a0\u00a0\u00a0\u00a0\u00a0\u00a0\u00a0\u00a0\u00a0\u00a0\u00a0\u00a0 Fram<\/p>\n<p>Gangi \u00fe\u00e9r vel Viktor<\/p>\n<p>\u00c1FRAM FRAM<\/p>","protected":false},"excerpt":{"rendered":"<p>Geir Sveinsson, \u00fej\u00e1lfari A landsli\u00f0 \u00cdslands karla \u00ed handbolta hefur vali\u00f0 h\u00f3p leikmanna sem spilar \u00e1 \u00cdslandi til \u00e6finga 29. september \u2013 1. okt\u00f3ber. Ekki er um al\u00fej\u00f3\u00f0lega landsli\u00f0sviku a\u00f0 [&hellip;]<\/p>","protected":false},"author":4,"featured_media":15538,"comment_status":"open","ping_status":"open","sticky":false,"template":"","format":"standard","meta":{"_monsterinsights_skip_tracking":false,"_monsterinsights_sitenote_active":false,"_monsterinsights_sitenote_note":"","_monsterinsights_sitenote_category":0,"_jetpack_memberships_contains_paid_content":false,"footnotes":""},"categories":[6,19],"tags":[],"class_list":["post-16461","post","type-post","status-publish","format-standard","has-post-thumbnail","hentry","category-handbolti","category-mfl-karla"],"jetpack_sharing_enabled":true,"jetpack_featured_media_url":"https:\/\/fram.is\/wp-content\/uploads\/2017\/04\/Viktor-gegn-val-I-vefur.jpg","_links":{"self":[{"href":"https:\/\/fram.is\/is\/wp-json\/wp\/v2\/posts\/16461","targetHints":{"allow":["GET"]}}],"collection":[{"href":"https:\/\/fram.is\/is\/wp-json\/wp\/v2\/posts"}],"about":[{"href":"https:\/\/fram.is\/is\/wp-json\/wp\/v2\/types\/post"}],"author":[{"embeddable":true,"href":"https:\/\/fram.is\/is\/wp-json\/wp\/v2\/users\/4"}],"replies":[{"embeddable":true,"href":"https:\/\/fram.is\/is\/wp-json\/wp\/v2\/comments?post=16461"}],"version-history":[{"count":0,"href":"https:\/\/fram.is\/is\/wp-json\/wp\/v2\/posts\/16461\/revisions"}],"wp:featuredmedia":[{"embeddable":true,"href":"https:\/\/fram.is\/is\/wp-json\/wp\/v2\/media\/15538"}],"wp:attachment":[{"href":"https:\/\/fram.is\/is\/wp-json\/wp\/v2\/media?parent=16461"}],"wp:term":[{"taxonomy":"category","embeddable":true,"href":"https:\/\/fram.is\/is\/wp-json\/wp\/v2\/categories?post=16461"},{"taxonomy":"post_tag","embeddable":true,"href":"https:\/\/fram.is\/is\/wp-json\/wp\/v2\/tags?post=16461"}],"curies":[{"name":"wp","href":"https:\/\/api.w.org\/{rel}","templated":true}]}}