{"id":16463,"date":"2017-09-23T21:40:33","date_gmt":"2017-09-23T21:40:33","guid":{"rendered":"http:\/\/fram.is\/?p=16463"},"modified":"2017-09-23T21:40:33","modified_gmt":"2017-09-23T21:40:33","slug":"olafur-haukur-valinn-i-aefingahop-islands-u18-i-handbolta","status":"publish","type":"post","link":"https:\/\/fram.is\/is\/2017\/09\/23\/olafur-haukur-valinn-i-aefingahop-islands-u18-i-handbolta\/","title":{"rendered":"\u00d3lafur Haukur valinn \u00ed \u00e6fingah\u00f3p \u00cdslands U18 \u00ed handbolta"},"content":{"rendered":"<p><a href=\"http:\/\/fram.is\/is\/2016\/03\/12772\/oli-og-viktor-2\/\"><img fetchpriority=\"high\" decoding=\"async\" class=\"alignright size-medium wp-image-12773\" src=\"http:\/\/fram.is\/wp-content\/uploads\/2016\/03\/Oli-og-Viktor-300x261.jpg\" alt=\"\" width=\"300\" height=\"261\" \/><\/a>Heimir R\u00edkar\u00f0sson landsli\u00f0s\u00fej\u00e1lfari \u00cdslands U18 hefur vali\u00f0 h\u00f3p til \u00e6finga 29. september \u2013 1. okt\u00f3ber.<\/p>\n<p>Auk \u00e6finganna \u00feessa helgi ver\u00f0ur bo\u00f0i\u00f0 upp\u00e1 fyrirlestur \u00e1 laugardagsmorgni \u00fear sem komi\u00f0 ver\u00f0ur inn\u00e1 \u00fdmsa \u00fe\u00e6tti sem n\u00fdtast afreks\u00ed\u00fer\u00f3ttam\u00f6nnum framt\u00ed\u00f0arinnar.<br \/>\nVi\u00f0 FRAMarar erum stoltir af \u00fev\u00ed a\u00f0 eiga einn fulltr\u00faa \u00ed \u00feessum landsli\u00f0sh\u00f3pi en \u00d3lafur Haukur J\u00fal\u00edusson var valinn fr\u00e1 FRAM a\u00f0 \u00feessu sinni.<\/p>\n<p>\u00d3lafur Haukur J\u00fal\u00edusson \u00a0 \u00a0 \u00a0 \u00a0 \u00a0 \u00a0 \u00a0 \u00a0 \u00a0 \u00a0 \u00a0 \u00a0 \u00a0 \u00a0 FRAM<\/p>\n<p>Gangi \u00fe\u00e9r vel \u00d3lafur<\/p>\n<p>\u00c1FRAM FRAM<\/p>","protected":false},"excerpt":{"rendered":"<p>Heimir R\u00edkar\u00f0sson landsli\u00f0s\u00fej\u00e1lfari \u00cdslands U18 hefur vali\u00f0 h\u00f3p til \u00e6finga 29. september \u2013 1. okt\u00f3ber. Auk \u00e6finganna \u00feessa helgi ver\u00f0ur bo\u00f0i\u00f0 upp\u00e1 fyrirlestur \u00e1 laugardagsmorgni \u00fear sem komi\u00f0 ver\u00f0ur inn\u00e1 [&hellip;]<\/p>","protected":false},"author":4,"featured_media":9799,"comment_status":"open","ping_status":"open","sticky":false,"template":"","format":"standard","meta":{"_monsterinsights_skip_tracking":false,"_monsterinsights_sitenote_active":false,"_monsterinsights_sitenote_note":"","_monsterinsights_sitenote_category":0,"_jetpack_memberships_contains_paid_content":false,"footnotes":""},"categories":[7,6],"tags":[],"class_list":["post-16463","post","type-post","status-publish","format-standard","has-post-thumbnail","hentry","category-yngri-flokkar","category-handbolti"],"jetpack_sharing_enabled":true,"jetpack_featured_media_url":"https:\/\/fram.is\/wp-content\/uploads\/2015\/03\/Oli-og-Viktor-vefur.jpg","_links":{"self":[{"href":"https:\/\/fram.is\/is\/wp-json\/wp\/v2\/posts\/16463","targetHints":{"allow":["GET"]}}],"collection":[{"href":"https:\/\/fram.is\/is\/wp-json\/wp\/v2\/posts"}],"about":[{"href":"https:\/\/fram.is\/is\/wp-json\/wp\/v2\/types\/post"}],"author":[{"embeddable":true,"href":"https:\/\/fram.is\/is\/wp-json\/wp\/v2\/users\/4"}],"replies":[{"embeddable":true,"href":"https:\/\/fram.is\/is\/wp-json\/wp\/v2\/comments?post=16463"}],"version-history":[{"count":0,"href":"https:\/\/fram.is\/is\/wp-json\/wp\/v2\/posts\/16463\/revisions"}],"wp:featuredmedia":[{"embeddable":true,"href":"https:\/\/fram.is\/is\/wp-json\/wp\/v2\/media\/9799"}],"wp:attachment":[{"href":"https:\/\/fram.is\/is\/wp-json\/wp\/v2\/media?parent=16463"}],"wp:term":[{"taxonomy":"category","embeddable":true,"href":"https:\/\/fram.is\/is\/wp-json\/wp\/v2\/categories?post=16463"},{"taxonomy":"post_tag","embeddable":true,"href":"https:\/\/fram.is\/is\/wp-json\/wp\/v2\/tags?post=16463"}],"curies":[{"name":"wp","href":"https:\/\/api.w.org\/{rel}","templated":true}]}}