{"id":16468,"date":"2017-09-23T21:41:00","date_gmt":"2017-09-23T21:41:00","guid":{"rendered":"http:\/\/fram.is\/?p=16468"},"modified":"2017-09-23T21:41:00","modified_gmt":"2017-09-23T21:41:00","slug":"fjorar-fra-fram-i-aefingahopi-islands-u20-i-handbolta","status":"publish","type":"post","link":"https:\/\/fram.is\/is\/2017\/09\/23\/fjorar-fra-fram-i-aefingahopi-islands-u20-i-handbolta\/","title":{"rendered":"Fj\u00f3rar fr\u00e1 FRAM \u00ed \u00e6fingah\u00f3pi \u00cdslands U20 \u00ed handbolta"},"content":{"rendered":"<p><a href=\"http:\/\/fram.is\/is\/2017\/05\/fimm-fra-fram-i-aefingahopi-islands-u-19\/heidrun-dis-4\/\"><img fetchpriority=\"high\" decoding=\"async\" class=\"alignright size-medium wp-image-15719\" src=\"http:\/\/fram.is\/wp-content\/uploads\/2017\/05\/Hei\u00f0r\u00fan-D\u00eds-300x300.jpg\" alt=\"\" width=\"300\" height=\"300\" \/><\/a><a href=\"http:\/\/fram.is\/is\/2016\/12\/thrjar-fra-fram-i-landslidshopi-islands-u19-kvenna\/lena-margret-2\/\"><img decoding=\"async\" class=\"alignright size-medium wp-image-14680\" src=\"http:\/\/fram.is\/wp-content\/uploads\/2016\/12\/Lena-Margr\u00e9t-300x300.jpg\" alt=\"\" width=\"300\" height=\"300\" \/><\/a><a href=\"http:\/\/fram.is\/is\/2017\/05\/fimm-fra-fram-i-aefingahopi-islands-u-19\/ragnheidur-osk-3\/\"><img decoding=\"async\" class=\"alignright size-medium wp-image-15720\" src=\"http:\/\/fram.is\/wp-content\/uploads\/2017\/05\/Ragnhei\u00f0ur-\u00d3Sk-300x300.jpg\" alt=\"\" width=\"300\" height=\"300\" \/><\/a><a href=\"http:\/\/fram.is\/is\/2016\/12\/thrjar-fra-fram-i-landslidshopi-islands-u19-kvenna\/svala-julia-2\/\"><img loading=\"lazy\" decoding=\"async\" class=\"alignright size-medium wp-image-14681\" src=\"http:\/\/fram.is\/wp-content\/uploads\/2016\/12\/Svala-J\u00fal\u00eda-300x300.jpg\" alt=\"\" width=\"300\" height=\"300\" \/><\/a>Stef\u00e1n Arnarson, n\u00fdr\u00e1\u00f0inn \u00fej\u00e1lfari U-20 \u00e1ra landsli\u00f0s kvenna hefur vali\u00f0 h\u00f3p til \u00e6finga 29. september \u2013 1. okt\u00f3ber.<br \/>\nAuk \u00e6finganna \u00feessa helgi ver\u00f0ur bo\u00f0i\u00f0 upp\u00e1 fyrirlestur \u00e1 laugardagsmorgni \u00fear sem komi\u00f0 ver\u00f0ur inn\u00e1 \u00fdmsa \u00fe\u00e6tti sem n\u00fdtast afreks\u00ed\u00fer\u00f3ttam\u00f6nnum framt\u00ed\u00f0arinnar.<\/p>\n<p>Vi\u00f0 FRAMarar eru s\u00e9rlega stoltir af \u00fev\u00ed a\u00f0 eiga hvorki fleiri n\u00e9 f\u00e6ri en fj\u00f3ra leikmenn \u00ed \u00feessu \u00e6fingah\u00f3pi \u00cdslands en \u00fe\u00e6r sem voru valdar fr\u00e1 FRAM a\u00f0 \u00feessu sinni eru:<\/p>\n<p>Hei\u00f0r\u00fan D\u00eds Magn\u00fasd\u00f3ttir\u00a0\u00a0\u00a0\u00a0\u00a0\u00a0\u00a0\u00a0\u00a0\u00a0\u00a0\u00a0\u00a0\u00a0\u00a0\u00a0\u00a0\u00a0\u00a0\u00a0\u00a0\u00a0\u00a0\u00a0\u00a0\u00a0 Fram<\/p>\n<p>Lena Margr\u00e9t Valdimarsd\u00f3ttir \u00a0 \u00a0 \u00a0 \u00a0 \u00a0 \u00a0 \u00a0 \u00a0 \u00a0 \u00a0 \u00a0Fram<\/p>\n<p>Ragnhei\u00f0ur \u00d3sk Ingvarsd\u00f3ttir \u00a0 \u00a0 \u00a0 \u00a0 \u00a0 \u00a0 \u00a0 \u00a0 \u00a0 \u00a0 Fram<\/p>\n<p>Svala J\u00fal\u00eda Gunnarsd\u00f3ttir \u00a0 \u00a0 \u00a0 \u00a0 \u00a0 \u00a0 \u00a0 \u00a0 \u00a0 \u00a0 \u00a0 \u00a0 \u00a0 Fram<\/p>\n<p>Gangi ykkur vel.<\/p>\n<p>\u00c1FRAM FRAM<\/p>","protected":false},"excerpt":{"rendered":"<p>Stef\u00e1n Arnarson, n\u00fdr\u00e1\u00f0inn \u00fej\u00e1lfari U-20 \u00e1ra landsli\u00f0s kvenna hefur vali\u00f0 h\u00f3p til \u00e6finga 29. september \u2013 1. okt\u00f3ber. Auk \u00e6finganna \u00feessa helgi ver\u00f0ur bo\u00f0i\u00f0 upp\u00e1 fyrirlestur \u00e1 laugardagsmorgni \u00fear sem [&hellip;]<\/p>","protected":false},"author":4,"featured_media":6258,"comment_status":"open","ping_status":"open","sticky":false,"template":"","format":"standard","meta":{"_monsterinsights_skip_tracking":false,"_monsterinsights_sitenote_active":false,"_monsterinsights_sitenote_note":"","_monsterinsights_sitenote_category":0,"_jetpack_memberships_contains_paid_content":false,"footnotes":""},"categories":[7,6,15],"tags":[],"class_list":["post-16468","post","type-post","status-publish","format-standard","has-post-thumbnail","hentry","category-yngri-flokkar","category-handbolti","category-mfl-kvenna"],"jetpack_sharing_enabled":true,"jetpack_featured_media_url":"https:\/\/fram.is\/wp-content\/uploads\/2014\/03\/Hei\u00f0r\u00fan-D\u00eds-ver-v\u00edtakast.-scaled.jpg","_links":{"self":[{"href":"https:\/\/fram.is\/is\/wp-json\/wp\/v2\/posts\/16468","targetHints":{"allow":["GET"]}}],"collection":[{"href":"https:\/\/fram.is\/is\/wp-json\/wp\/v2\/posts"}],"about":[{"href":"https:\/\/fram.is\/is\/wp-json\/wp\/v2\/types\/post"}],"author":[{"embeddable":true,"href":"https:\/\/fram.is\/is\/wp-json\/wp\/v2\/users\/4"}],"replies":[{"embeddable":true,"href":"https:\/\/fram.is\/is\/wp-json\/wp\/v2\/comments?post=16468"}],"version-history":[{"count":0,"href":"https:\/\/fram.is\/is\/wp-json\/wp\/v2\/posts\/16468\/revisions"}],"wp:featuredmedia":[{"embeddable":true,"href":"https:\/\/fram.is\/is\/wp-json\/wp\/v2\/media\/6258"}],"wp:attachment":[{"href":"https:\/\/fram.is\/is\/wp-json\/wp\/v2\/media?parent=16468"}],"wp:term":[{"taxonomy":"category","embeddable":true,"href":"https:\/\/fram.is\/is\/wp-json\/wp\/v2\/categories?post=16468"},{"taxonomy":"post_tag","embeddable":true,"href":"https:\/\/fram.is\/is\/wp-json\/wp\/v2\/tags?post=16468"}],"curies":[{"name":"wp","href":"https:\/\/api.w.org\/{rel}","templated":true}]}}