{"id":16757,"date":"2017-11-07T22:44:30","date_gmt":"2017-11-07T22:44:30","guid":{"rendered":"http:\/\/fram.is\/?p=16757"},"modified":"2017-11-07T22:44:30","modified_gmt":"2017-11-07T22:44:30","slug":"oruggur-sigur-a-nesinu","status":"publish","type":"post","link":"https:\/\/fram.is\/is\/2017\/11\/07\/oruggur-sigur-a-nesinu\/","title":{"rendered":"\u00d6ruggur sigur \u00e1 nesinu"},"content":{"rendered":"<p><a href=\"http:\/\/fram.is\/is\/?attachment_id=16758\"><img fetchpriority=\"high\" decoding=\"async\" class=\"alignright size-medium wp-image-16758\" src=\"http:\/\/fram.is\/wp-content\/uploads\/2017\/11\/mfl.kvenna-li\u00f0smynd-300x200.jpg\" alt=\"\" width=\"300\" height=\"200\" \/><\/a>Meistaraflokkur kvenna h\u00e9lt \u00e1 Seltjarnarnesi\u00f0 \u00ed kv\u00f6ld til a\u00f0 leika vi\u00f0 heimakonur \u00ed Gr\u00f3ttu.<\/p>\n<p>Fram li\u00f0i\u00f0 var \u00feannig skipa\u00f0 \u00ed kv\u00f6ld: \u00a0Gu\u00f0r\u00fan \u00d3sk Mar\u00edasd\u00f3ttir, Hei\u00f0r\u00fan D\u00eds Magn\u00fasd\u00f3ttir, \u00de\u00f3rey R\u00f3sa Stef\u00e1nsd\u00f3ttir, Ragnhei\u00f0ur \u00d3sk Ingvarsd\u00f3ttir, Marthe S\u00f6rdal, Ragnhei\u00f0ur J\u00fal\u00edusd\u00f3ttir, Svala J\u00fal\u00eda Gunnarsd\u00f3ttir, Erna Gu\u00f0laug Gunnarsd\u00f3ttir, Sigurbj\u00f6rg J\u00f3hannsd\u00f3ttir, Harpa Mar\u00eda\u00a0<span id=\"OBJ_PREFIX_DWT44_com_zimbra_date\" class=\"Object\" role=\"link\">Fri<\/span>\u00f0geirsd\u00f3ttir, El\u00edsabet Gunnarsd\u00f3ttir, Hildur \u00deorgeirsd\u00f3ttir, Lena Margr\u00e9t Valdimarsd\u00f3ttir og Arna \u00deyri \u00d3lafsd\u00f3ttir.<\/p>\n<p>\u00dea\u00f0 er skemmst fr\u00e1 \u00fev\u00ed a\u00f0 segja a\u00f0 leikmenn Fram komu mj\u00f6g \u00e1kve\u00f0nir til leiks og flj\u00f3tlega var sta\u00f0an or\u00f0in 1 &#8211; 6 fyrir Fram. \u00a0Fram slaka\u00f0i ekkert \u00e1 og sta\u00f0an \u00ed h\u00e1lfleik var or\u00f0in 7 &#8211; 19. \u00a0Leikurinn n\u00e1nast b\u00fainn.<\/p>\n<p>Seinni h\u00e1lfleikur var r\u00f3legri og Fram h\u00e9lt \u00ed horfinu \u00e1n \u00feess a\u00f0 sta\u00f0an yr\u00f0i einhvernt\u00edma erfi\u00f0. \u00a0Um mi\u00f0jan h\u00e1lfleikin var sta\u00f0an or\u00f0in 9 &#8211; 25. \u00a0Lokat\u00f6lur ur\u00f0u s\u00ed\u00f0an 17 &#8211; 33. \u00a0\u00d6ruggur Fram sigur eins og t\u00f6lurnar gefa til kynna.<\/p>\n<p>Eins og \u00e1\u00f0ur sag\u00f0i byrja\u00f0i Fram af krafti og leit aldrei til baka. \u00a0Flottur varnarleikur sem skila\u00f0i m\u00f6rgum hra\u00f0aupphlaupum \u00e1samt \u00fev\u00ed a\u00f0 Gu\u00f0r\u00fan var\u00f0i mj\u00f6g vel \u00ed fyrri h\u00e1lfleik. \u00a0Hei\u00f0r\u00fan D\u00eds kom inn\u00e1 um mi\u00f0jan seinni h\u00e1lfleik og var\u00f0i einnig mj\u00f6g vel.<\/p>\n<p>S\u00f3knin gekk oft \u00e1 t\u00ed\u00f0um mj\u00f6g vel og skoru\u00f0 m\u00f6rk \u00far \u00f6llum st\u00f6\u00f0um \u00a0\u00e1 vellinum.<\/p>\n<p>Flottur leikur og flottur sigur \u00fear sem allir fengu a\u00f0 spila og l\u00e1ta til s\u00edn taka \u00e1 vellinum.<\/p>\n<p>M\u00f6rk Fram skoru\u00f0u: \u00a0Ragnhei\u00f0ur J\u00fal. 9, \u00de\u00f3rey R\u00f3sa 8, Harpa Mar\u00eda 4, Marthe 3, Sigurbj\u00f6rg 3, Hildur 3, Lena 2 og El\u00edsabet 1.<\/p>\n<p>Gu\u00f0r\u00fan \u00d3sk var\u00f0i 12 skot og f\u00e9kk \u00e1 sig 14 m\u00f6rk \u00e1 um 45 m\u00edn\u00fatum. \u00a0Hei\u00f0r\u00fan D\u00eds var\u00f0i 5 skot og f\u00e9kk \u00e1 sig 3 m\u00f6rk \u00e1 um 15 m\u00edn\u00fatum.<\/p>\n<p>\u00c1fram Fram<\/p>","protected":false},"excerpt":{"rendered":"<p>Meistaraflokkur kvenna h\u00e9lt \u00e1 Seltjarnarnesi\u00f0 \u00ed kv\u00f6ld til a\u00f0 leika vi\u00f0 heimakonur \u00ed Gr\u00f3ttu. Fram li\u00f0i\u00f0 var \u00feannig skipa\u00f0 \u00ed kv\u00f6ld: \u00a0Gu\u00f0r\u00fan \u00d3sk Mar\u00edasd\u00f3ttir, Hei\u00f0r\u00fan D\u00eds Magn\u00fasd\u00f3ttir, \u00de\u00f3rey R\u00f3sa Stef\u00e1nsd\u00f3ttir, [&hellip;]<\/p>","protected":false},"author":4,"featured_media":16663,"comment_status":"open","ping_status":"open","sticky":false,"template":"","format":"standard","meta":{"_monsterinsights_skip_tracking":false,"_monsterinsights_sitenote_active":false,"_monsterinsights_sitenote_note":"","_monsterinsights_sitenote_category":0,"_jetpack_memberships_contains_paid_content":false,"footnotes":""},"categories":[6,15],"tags":[],"class_list":["post-16757","post","type-post","status-publish","format-standard","has-post-thumbnail","hentry","category-handbolti","category-mfl-kvenna"],"jetpack_sharing_enabled":true,"jetpack_featured_media_url":"https:\/\/fram.is\/wp-content\/uploads\/2017\/10\/Ragnheidur-gegn-ibv-II-vefur.jpg","_links":{"self":[{"href":"https:\/\/fram.is\/is\/wp-json\/wp\/v2\/posts\/16757","targetHints":{"allow":["GET"]}}],"collection":[{"href":"https:\/\/fram.is\/is\/wp-json\/wp\/v2\/posts"}],"about":[{"href":"https:\/\/fram.is\/is\/wp-json\/wp\/v2\/types\/post"}],"author":[{"embeddable":true,"href":"https:\/\/fram.is\/is\/wp-json\/wp\/v2\/users\/4"}],"replies":[{"embeddable":true,"href":"https:\/\/fram.is\/is\/wp-json\/wp\/v2\/comments?post=16757"}],"version-history":[{"count":0,"href":"https:\/\/fram.is\/is\/wp-json\/wp\/v2\/posts\/16757\/revisions"}],"wp:featuredmedia":[{"embeddable":true,"href":"https:\/\/fram.is\/is\/wp-json\/wp\/v2\/media\/16663"}],"wp:attachment":[{"href":"https:\/\/fram.is\/is\/wp-json\/wp\/v2\/media?parent=16757"}],"wp:term":[{"taxonomy":"category","embeddable":true,"href":"https:\/\/fram.is\/is\/wp-json\/wp\/v2\/categories?post=16757"},{"taxonomy":"post_tag","embeddable":true,"href":"https:\/\/fram.is\/is\/wp-json\/wp\/v2\/tags?post=16757"}],"curies":[{"name":"wp","href":"https:\/\/api.w.org\/{rel}","templated":true}]}}