{"id":16830,"date":"2017-11-24T14:18:46","date_gmt":"2017-11-24T14:18:46","guid":{"rendered":"http:\/\/fram.is\/?p=16830"},"modified":"2017-11-24T14:18:46","modified_gmt":"2017-11-24T14:18:46","slug":"glimrandi-supufundur","status":"publish","type":"post","link":"https:\/\/fram.is\/is\/2017\/11\/24\/glimrandi-supufundur\/","title":{"rendered":"Glimrandi s\u00fapufundur"},"content":{"rendered":"<p><a href=\"http:\/\/fram.is\/is\/?attachment_id=16831\"><img fetchpriority=\"high\" decoding=\"async\" class=\"alignright size-medium wp-image-16831\" src=\"http:\/\/fram.is\/wp-content\/uploads\/2017\/11\/S\u00fapa-f\u00edn-300x261.jpg\" alt=\"\" width=\"300\" height=\"261\" \/><\/a>Vi\u00f0 FRAMarar h\u00e9ldum \u00ed dag \u00feri\u00f0ja og s\u00ed\u00f0asta s\u00fapufund \u00e1rsins. M\u00e6tingin \u00ed dag var g\u00f3\u00f0 en okkur telst til a\u00f0 m\u00e6ttir \u00ed dag hafi veri\u00f0 t\u00e6plega 70 mann eins og s\u00ed\u00f0ast. S\u00fapan s\u00e9rstaklega g\u00f3\u00f0, allir als\u00e6lir me\u00f0 s\u00fapuna og \u00e1 \u00fev\u00ed a\u00f0 s\u00fapumeistarinn s\u00e9 hinn mesti snillingur \u00ed s\u00ednu fagi.<\/p>\n<p>\u00dea\u00f0 er alltaf gaman a\u00f0 sj\u00e1 alla \u00feessa FRAMara \u00e1 \u00f6llum aldri rifja upp gamla daga og r\u00e6\u00f0a m\u00e1lefni dagsins. \u00c9g ver\u00f0 bara a\u00f0 segja a\u00f0 \u00feessir s\u00fapufundir eru gr\u00ed\u00f0arlega vel heppnu\u00f0 upp\u00e1koma, \u00fe\u00f6kk s\u00e9 Her\u00f0i okkar heitnum \u201eCastr\u00f3\u201c.<\/p>\n<p>\u00dea\u00f0 er von okkar \u00a0a\u00f0 sj\u00e1 alla \u00fe\u00e1 sem komu \u00ed dag og enn fleiri \u00feegar vi\u00f0 h\u00f6ldum n\u00e6sta fund sem ver\u00f0ur \u00e1 n\u00fdju \u00e1ri, f\u00f6studaginn 27. jan\u00faar 2018.<br \/>\n\u00dea\u00f0 ver\u00f0ur s\u00fapufr\u00ed \u00ed desember en 30. des. \u00e6tlum vi\u00f0 a\u00f0 bj\u00f3\u00f0a ykkur \u00f6llum \u00ed veislu \u00fear sem vi\u00f0 veljum \u00ed\u00fer\u00f3ttamann og konu FRAM fyrir \u00e1ri\u00f0 2017. \u00dear eru allir velkomnir.<\/p>\n<p>Hvetjum alla FRAMara til a\u00f0 m\u00e6ta 30 .des. \u00a0og muna svo eftir s\u00fapunni \u00e1 n\u00fdju \u00e1ri.<\/p>\n<p>Takk fyrir samveruna \u00ed dag.<\/p>\n<p>\u00c1FRAM FRAM<\/p>","protected":false},"excerpt":{"rendered":"<p>Vi\u00f0 FRAMarar h\u00e9ldum \u00ed dag \u00feri\u00f0ja og s\u00ed\u00f0asta s\u00fapufund \u00e1rsins. M\u00e6tingin \u00ed dag var g\u00f3\u00f0 en okkur telst til a\u00f0 m\u00e6ttir \u00ed dag hafi veri\u00f0 t\u00e6plega 70 mann eins og [&hellip;]<\/p>","protected":false},"author":4,"featured_media":16832,"comment_status":"open","ping_status":"open","sticky":false,"template":"","format":"standard","meta":{"_monsterinsights_skip_tracking":false,"_monsterinsights_sitenote_active":false,"_monsterinsights_sitenote_note":"","_monsterinsights_sitenote_category":0,"_jetpack_memberships_contains_paid_content":false,"footnotes":""},"categories":[8,10],"tags":[],"class_list":["post-16830","post","type-post","status-publish","format-standard","has-post-thumbnail","hentry","category-adalstjorn","category-frettir"],"jetpack_sharing_enabled":true,"jetpack_featured_media_url":"https:\/\/fram.is\/wp-content\/uploads\/2017\/11\/S\u00fapa-vefur-scaled.jpg","_links":{"self":[{"href":"https:\/\/fram.is\/is\/wp-json\/wp\/v2\/posts\/16830","targetHints":{"allow":["GET"]}}],"collection":[{"href":"https:\/\/fram.is\/is\/wp-json\/wp\/v2\/posts"}],"about":[{"href":"https:\/\/fram.is\/is\/wp-json\/wp\/v2\/types\/post"}],"author":[{"embeddable":true,"href":"https:\/\/fram.is\/is\/wp-json\/wp\/v2\/users\/4"}],"replies":[{"embeddable":true,"href":"https:\/\/fram.is\/is\/wp-json\/wp\/v2\/comments?post=16830"}],"version-history":[{"count":0,"href":"https:\/\/fram.is\/is\/wp-json\/wp\/v2\/posts\/16830\/revisions"}],"wp:featuredmedia":[{"embeddable":true,"href":"https:\/\/fram.is\/is\/wp-json\/wp\/v2\/media\/16832"}],"wp:attachment":[{"href":"https:\/\/fram.is\/is\/wp-json\/wp\/v2\/media?parent=16830"}],"wp:term":[{"taxonomy":"category","embeddable":true,"href":"https:\/\/fram.is\/is\/wp-json\/wp\/v2\/categories?post=16830"},{"taxonomy":"post_tag","embeddable":true,"href":"https:\/\/fram.is\/is\/wp-json\/wp\/v2\/tags?post=16830"}],"curies":[{"name":"wp","href":"https:\/\/api.w.org\/{rel}","templated":true}]}}