{"id":17037,"date":"2017-12-21T10:00:29","date_gmt":"2017-12-21T10:00:29","guid":{"rendered":"http:\/\/fram.is\/?p=17037"},"modified":"2017-12-21T10:00:29","modified_gmt":"2017-12-21T10:00:29","slug":"steinunn-bjornsdottir-tilnefnd-sem-ithrottakona-reykjavikur","status":"publish","type":"post","link":"https:\/\/fram.is\/is\/2017\/12\/21\/steinunn-bjornsdottir-tilnefnd-sem-ithrottakona-reykjavikur\/","title":{"rendered":"Steinunn Bj\u00f6rnsd\u00f3ttir tilnefnd sem \u00ed\u00fer\u00f3ttakona Reykjav\u00edkur"},"content":{"rendered":"<p><strong><a href=\"http:\/\/fram.is\/is\/?attachment_id=17038\"><img fetchpriority=\"high\" decoding=\"async\" class=\"alignright size-large wp-image-17038\" src=\"http:\/\/fram.is\/wp-content\/uploads\/2017\/12\/Steinunn-n\u00fdtt-891x1024.jpg\" alt=\"\" width=\"460\" height=\"529\" \/><\/a>\u00dea\u00f0 f\u00f3r ekki miki\u00f0 fyrir \u00fev\u00ed \u00ed fj\u00f6lmi\u00f0lum en s\u00ed\u00f0ast li\u00f0inn f\u00f6studag \u00fe\u00e1 tilkynnti Reykjav\u00edkurborg um val sitt \u00e1 \u00feeim \u00ed\u00fer\u00f3ttam\u00f6nnum og \u00ed\u00fer\u00f3ttali\u00f0um sem skara\u00f0 hafa fram \u00far \u00e1 \u00e1rinu 2017.<\/strong><\/p>\n<p><strong>Reykjav\u00edkurborg velur \u00cd\u00fer\u00f3ttali\u00f0 2017,\u00a0 \u00cd\u00fer\u00f3ttakarl 2017 og \u00cd\u00fer\u00f3ttakonu 2017.<\/strong><\/p>\n<p><strong>F<\/strong><strong>ram \u00e1tti \u00fearna s\u00edna fulltr\u00faa.<\/strong><\/p>\n<p><strong>Steinunn Bj\u00f6rnsd\u00f3ttir var tilnefnd sem \u00cd\u00fer\u00f3ttakona Reykjav\u00edkur 2017.<\/strong><\/p>\n<p><strong>Meistaraflokkur kvenna Fram \u00ed handbolta var tilnefnt sem eitt af \u00cd\u00fer\u00f3ttali\u00f0um Reykjav\u00edkur 2017.<\/strong><\/p>\n<p><strong>Flott v<\/strong><strong>i\u00f0urkenning \u00e1 g\u00f3\u00f0um \u00e1rangri meistaraflokks kvenna og Steinunnar \u00e1 \u00e1rinu sem er a\u00f0 l\u00ed\u00f0a.<\/strong><\/p>\n<p><strong>\u00a0<\/strong><strong>Til hamingju FRAM konur.\u00a0<\/strong><\/p>\n<p>\u00c1FRAM FRAM<\/p>","protected":false},"excerpt":{"rendered":"<p>\u00dea\u00f0 f\u00f3r ekki miki\u00f0 fyrir \u00fev\u00ed \u00ed fj\u00f6lmi\u00f0lum en s\u00ed\u00f0ast li\u00f0inn f\u00f6studag \u00fe\u00e1 tilkynnti Reykjav\u00edkurborg um val sitt \u00e1 \u00feeim \u00ed\u00fer\u00f3ttam\u00f6nnum og \u00ed\u00fer\u00f3ttali\u00f0um sem skara\u00f0 hafa fram \u00far \u00e1 \u00e1rinu [&hellip;]<\/p>","protected":false},"author":4,"featured_media":17039,"comment_status":"open","ping_status":"open","sticky":false,"template":"","format":"standard","meta":{"_monsterinsights_skip_tracking":false,"_monsterinsights_sitenote_active":false,"_monsterinsights_sitenote_note":"","_monsterinsights_sitenote_category":0,"_jetpack_memberships_contains_paid_content":false,"footnotes":""},"categories":[6,15],"tags":[],"class_list":["post-17037","post","type-post","status-publish","format-standard","has-post-thumbnail","hentry","category-handbolti","category-mfl-kvenna"],"jetpack_sharing_enabled":true,"jetpack_featured_media_url":"https:\/\/fram.is\/wp-content\/uploads\/2017\/12\/Steinunn-n\u00fdtt-vefur.jpg","_links":{"self":[{"href":"https:\/\/fram.is\/is\/wp-json\/wp\/v2\/posts\/17037","targetHints":{"allow":["GET"]}}],"collection":[{"href":"https:\/\/fram.is\/is\/wp-json\/wp\/v2\/posts"}],"about":[{"href":"https:\/\/fram.is\/is\/wp-json\/wp\/v2\/types\/post"}],"author":[{"embeddable":true,"href":"https:\/\/fram.is\/is\/wp-json\/wp\/v2\/users\/4"}],"replies":[{"embeddable":true,"href":"https:\/\/fram.is\/is\/wp-json\/wp\/v2\/comments?post=17037"}],"version-history":[{"count":0,"href":"https:\/\/fram.is\/is\/wp-json\/wp\/v2\/posts\/17037\/revisions"}],"wp:featuredmedia":[{"embeddable":true,"href":"https:\/\/fram.is\/is\/wp-json\/wp\/v2\/media\/17039"}],"wp:attachment":[{"href":"https:\/\/fram.is\/is\/wp-json\/wp\/v2\/media?parent=17037"}],"wp:term":[{"taxonomy":"category","embeddable":true,"href":"https:\/\/fram.is\/is\/wp-json\/wp\/v2\/categories?post=17037"},{"taxonomy":"post_tag","embeddable":true,"href":"https:\/\/fram.is\/is\/wp-json\/wp\/v2\/tags?post=17037"}],"curies":[{"name":"wp","href":"https:\/\/api.w.org\/{rel}","templated":true}]}}