{"id":17071,"date":"2017-12-28T10:00:45","date_gmt":"2017-12-28T10:00:45","guid":{"rendered":"http:\/\/fram.is\/?p=17071"},"modified":"2017-12-28T10:00:45","modified_gmt":"2017-12-28T10:00:45","slug":"thrjar-fra-fram-i-afrekshopi-a-kvenna","status":"publish","type":"post","link":"https:\/\/fram.is\/is\/2017\/12\/28\/thrjar-fra-fram-i-afrekshopi-a-kvenna\/","title":{"rendered":"\u00derj\u00e1r fr\u00e1 FRAM \u00ed afreksh\u00f3pi A kvenna"},"content":{"rendered":"<p><a href=\"http:\/\/fram.is\/is\/2017\/12\/thrjar-fra-fram-i-afrekshopi-a-kvenna__trashed\/hildur-thorgeirsdottir\/\"><img fetchpriority=\"high\" decoding=\"async\" class=\"alignright size-medium wp-image-16980\" src=\"http:\/\/fram.is\/wp-content\/uploads\/2017\/12\/Hildur-\u00deorgeirsd\u00f3ttir-300x300.jpg\" alt=\"\" width=\"300\" height=\"300\" \/><\/a><a href=\"http:\/\/fram.is\/is\/2017\/12\/thrjar-fra-fram-i-afrekshopi-a-kvenna__trashed\/ragnheidur-juliusdottir-2\/\"><img decoding=\"async\" class=\"alignright size-medium wp-image-16986\" src=\"http:\/\/fram.is\/wp-content\/uploads\/2017\/12\/Ragnhei\u00f0ur-J\u00fal\u00edusd\u00f3ttir-300x300.jpg\" alt=\"\" width=\"300\" height=\"300\" \/><\/a><a href=\"http:\/\/fram.is\/is\/2017\/12\/thorey-rosa-stefansdottir-valinn-handknattleikskona-arsins-2017\/thorey-rosa-lidsmynd-2\/\"><img decoding=\"async\" class=\"alignright size-medium wp-image-16992\" src=\"http:\/\/fram.is\/wp-content\/uploads\/2017\/12\/\u00de\u00f3rey-R\u00f3sa-li\u00f0smynd-300x300.jpg\" alt=\"\" width=\"300\" height=\"300\" \/><\/a>Axel Stef\u00e1nsson \u00fej\u00e1lfari A-landsli\u00f0s kvenna hefur vali\u00f0 21 leikmann til \u00e6finga \u00ed Reykjav\u00edk 5\u2013 7. jan\u00faar 2018. \u00a0Um er a\u00f0 r\u00e6\u00f0a afreksh\u00f3pa kvenna sem kemur reglulega saman til \u00e6finga undir stj\u00f3rn Axels.<br \/>\nVi\u00f0 FRAMarar erum stoltir af \u00fev\u00ed a\u00f0 eiga \u00ferj\u00e1 fulltr\u00faa \u00ed \u00feessum afreksh\u00f3pi en \u00fe\u00e6r sem voru valdar fr\u00e1 FRAM a\u00f0 \u00feessu sinni eru:<\/p>\n<p>Hildur \u00deorgeirsd\u00f3ttir\u00a0\u00a0\u00a0\u00a0\u00a0\u00a0\u00a0\u00a0\u00a0\u00a0\u00a0\u00a0\u00a0\u00a0\u00a0\u00a0\u00a0\u00a0\u00a0\u00a0\u00a0 FRAM<br \/>\nRagnhei\u00f0ur J\u00fal\u00edusd\u00f3ttir\u00a0\u00a0\u00a0\u00a0\u00a0\u00a0\u00a0\u00a0\u00a0\u00a0\u00a0\u00a0\u00a0\u00a0\u00a0\u00a0 FRAM<br \/>\n\u00de\u00f3rey R\u00f3sa Stef\u00e1nsd\u00f3ttir\u00a0\u00a0\u00a0\u00a0\u00a0\u00a0\u00a0\u00a0\u00a0\u00a0\u00a0\u00a0 FRAM<\/p>\n<p>Gangi ykkur vel.<\/p>\n<p>\u00c1FRAM FRAM<\/p>","protected":false},"excerpt":{"rendered":"<p>Axel Stef\u00e1nsson \u00fej\u00e1lfari A-landsli\u00f0s kvenna hefur vali\u00f0 21 leikmann til \u00e6finga \u00ed Reykjav\u00edk 5\u2013 7. jan\u00faar 2018. \u00a0Um er a\u00f0 r\u00e6\u00f0a afreksh\u00f3pa kvenna sem kemur reglulega saman til \u00e6finga undir [&hellip;]<\/p>","protected":false},"author":4,"featured_media":17065,"comment_status":"open","ping_status":"open","sticky":false,"template":"","format":"standard","meta":{"_monsterinsights_skip_tracking":false,"_monsterinsights_sitenote_active":false,"_monsterinsights_sitenote_note":"","_monsterinsights_sitenote_category":0,"_jetpack_memberships_contains_paid_content":false,"footnotes":""},"categories":[6,15],"tags":[],"class_list":["post-17071","post","type-post","status-publish","format-standard","has-post-thumbnail","hentry","category-handbolti","category-mfl-kvenna"],"jetpack_sharing_enabled":true,"jetpack_featured_media_url":"https:\/\/fram.is\/wp-content\/uploads\/2017\/12\/Hildur-vefur.jpg","_links":{"self":[{"href":"https:\/\/fram.is\/is\/wp-json\/wp\/v2\/posts\/17071","targetHints":{"allow":["GET"]}}],"collection":[{"href":"https:\/\/fram.is\/is\/wp-json\/wp\/v2\/posts"}],"about":[{"href":"https:\/\/fram.is\/is\/wp-json\/wp\/v2\/types\/post"}],"author":[{"embeddable":true,"href":"https:\/\/fram.is\/is\/wp-json\/wp\/v2\/users\/4"}],"replies":[{"embeddable":true,"href":"https:\/\/fram.is\/is\/wp-json\/wp\/v2\/comments?post=17071"}],"version-history":[{"count":0,"href":"https:\/\/fram.is\/is\/wp-json\/wp\/v2\/posts\/17071\/revisions"}],"wp:featuredmedia":[{"embeddable":true,"href":"https:\/\/fram.is\/is\/wp-json\/wp\/v2\/media\/17065"}],"wp:attachment":[{"href":"https:\/\/fram.is\/is\/wp-json\/wp\/v2\/media?parent=17071"}],"wp:term":[{"taxonomy":"category","embeddable":true,"href":"https:\/\/fram.is\/is\/wp-json\/wp\/v2\/categories?post=17071"},{"taxonomy":"post_tag","embeddable":true,"href":"https:\/\/fram.is\/is\/wp-json\/wp\/v2\/tags?post=17071"}],"curies":[{"name":"wp","href":"https:\/\/api.w.org\/{rel}","templated":true}]}}