{"id":17080,"date":"2017-12-29T09:52:36","date_gmt":"2017-12-29T09:52:36","guid":{"rendered":"http:\/\/fram.is\/?p=17080"},"modified":"2017-12-29T09:52:36","modified_gmt":"2017-12-29T09:52:36","slug":"dadey-asta-valinn-i-landslidshop-islands-u16","status":"publish","type":"post","link":"https:\/\/fram.is\/is\/2017\/12\/29\/dadey-asta-valinn-i-landslidshop-islands-u16\/","title":{"rendered":"Da\u00f0ey \u00c1sta valinn \u00ed landsli\u00f0sh\u00f3p \u00cdslands U16"},"content":{"rendered":"<p><a href=\"http:\/\/fram.is\/is\/2017\/03\/dadey-asta-valinn-i-aefingahop-islands-u15-i-handbolta-2\/dadey-asta-2\/\"><img fetchpriority=\"high\" decoding=\"async\" class=\"alignright size-medium wp-image-15134\" src=\"http:\/\/fram.is\/wp-content\/uploads\/2017\/03\/Da\u00f0ey-\u00c1sta-300x300.jpg\" alt=\"\" width=\"300\" height=\"300\" \/><\/a>Rakel D\u00f6gg Bragad\u00f3ttir og \u00d3lafur V\u00ed\u00f0ir \u00d3lafsson \u00fej\u00e1lfarar U-16 \u00e1ra landsli\u00f0s kvenna hafa vali\u00f0 21 manna h\u00f3p sem \u00e6fir eftir \u00e1ram\u00f3tin. H\u00f3purinn mun koma saman til \u00e6finga 5 &#8211; 7. jan\u00faar 2018.<br \/>\nVi\u00f0 FRAMarar erum stoltir af \u00fev\u00ed a\u00f0 eiga einn fulltr\u00faa \u00ed h\u00f3pnum a\u00f0 \u00feessu sinni, okkar fulltr\u00fai er:<\/p>\n<p>Da\u00f0ey \u00c1sta H\u00e1lfd\u00e1nard\u00f3ttir\u00a0\u00a0\u00a0\u00a0\u00a0\u00a0\u00a0\u00a0\u00a0\u00a0\u00a0\u00a0\u00a0\u00a0\u00a0\u00a0\u00a0\u00a0\u00a0\u00a0\u00a0\u00a0\u00a0 FRAM<\/p>\n<p>Gangi \u00fe\u00e9r vel Da\u00f0ey \u00c1sta<\/p>\n<p>\u00c1FRAM FRAM<\/p>","protected":false},"excerpt":{"rendered":"<p>Rakel D\u00f6gg Bragad\u00f3ttir og \u00d3lafur V\u00ed\u00f0ir \u00d3lafsson \u00fej\u00e1lfarar U-16 \u00e1ra landsli\u00f0s kvenna hafa vali\u00f0 21 manna h\u00f3p sem \u00e6fir eftir \u00e1ram\u00f3tin. H\u00f3purinn mun koma saman til \u00e6finga 5 &#8211; 7. [&hellip;]<\/p>","protected":false},"author":4,"featured_media":15135,"comment_status":"open","ping_status":"open","sticky":false,"template":"","format":"standard","meta":{"_monsterinsights_skip_tracking":false,"_monsterinsights_sitenote_active":false,"_monsterinsights_sitenote_note":"","_monsterinsights_sitenote_category":0,"_jetpack_memberships_contains_paid_content":false,"footnotes":""},"categories":[7,6],"tags":[],"class_list":["post-17080","post","type-post","status-publish","format-standard","has-post-thumbnail","hentry","category-yngri-flokkar","category-handbolti"],"jetpack_sharing_enabled":true,"jetpack_featured_media_url":"https:\/\/fram.is\/wp-content\/uploads\/2017\/03\/Da\u00f0ey-\u00e1sta-vefur.jpg","_links":{"self":[{"href":"https:\/\/fram.is\/is\/wp-json\/wp\/v2\/posts\/17080","targetHints":{"allow":["GET"]}}],"collection":[{"href":"https:\/\/fram.is\/is\/wp-json\/wp\/v2\/posts"}],"about":[{"href":"https:\/\/fram.is\/is\/wp-json\/wp\/v2\/types\/post"}],"author":[{"embeddable":true,"href":"https:\/\/fram.is\/is\/wp-json\/wp\/v2\/users\/4"}],"replies":[{"embeddable":true,"href":"https:\/\/fram.is\/is\/wp-json\/wp\/v2\/comments?post=17080"}],"version-history":[{"count":0,"href":"https:\/\/fram.is\/is\/wp-json\/wp\/v2\/posts\/17080\/revisions"}],"wp:featuredmedia":[{"embeddable":true,"href":"https:\/\/fram.is\/is\/wp-json\/wp\/v2\/media\/15135"}],"wp:attachment":[{"href":"https:\/\/fram.is\/is\/wp-json\/wp\/v2\/media?parent=17080"}],"wp:term":[{"taxonomy":"category","embeddable":true,"href":"https:\/\/fram.is\/is\/wp-json\/wp\/v2\/categories?post=17080"},{"taxonomy":"post_tag","embeddable":true,"href":"https:\/\/fram.is\/is\/wp-json\/wp\/v2\/tags?post=17080"}],"curies":[{"name":"wp","href":"https:\/\/api.w.org\/{rel}","templated":true}]}}