{"id":17088,"date":"2017-12-30T20:22:07","date_gmt":"2017-12-30T20:22:07","guid":{"rendered":"http:\/\/fram.is\/?p=17088"},"modified":"2017-12-30T20:22:07","modified_gmt":"2017-12-30T20:22:07","slug":"gudrunu-osk-mariasdottur-ithrottamadur-fram-2017","status":"publish","type":"post","link":"https:\/\/fram.is\/is\/2017\/12\/30\/gudrunu-osk-mariasdottur-ithrottamadur-fram-2017\/","title":{"rendered":"Gu\u00f0r\u00fan \u00d3sk Mar\u00edasd\u00f3ttir \u00ed\u00fer\u00f3ttama\u00f0ur FRAM 2017"},"content":{"rendered":"<p><strong><u><a href=\"http:\/\/fram.is\/is\/?attachment_id=17094\"><img fetchpriority=\"high\" decoding=\"async\" class=\"alignright size-medium wp-image-17094\" src=\"http:\/\/fram.is\/wp-content\/uploads\/2017\/12\/Gu\u00f0r\u00fan-\u00d3sk-\u00ed\u00fer.-300x300.jpg\" alt=\"\" width=\"300\" height=\"300\" \/><\/a>Gu\u00f0r\u00fan \u00d3sk Mar\u00edasd\u00f3ttir var \u00ed dag valinn \u00ed\u00fer\u00f3ttama\u00f0ur FRAM 2017.<br \/>\n<\/u><\/strong><\/p>\n<p>Gu\u00f0r\u00fan \u00d3sk er f\u00e6dd 1989.\u00a0 H\u00fan kom upphaflega til FRAM hausti\u00f0 2011 en t\u00f3k s\u00e9r s\u00ed\u00f0an sm\u00e1 fr\u00ed vegna barneigna en kom aftur til li\u00f0s til FRAM hausti\u00f0 2015.<\/p>\n<p>Gu\u00f0r\u00fan \u00d3sk hefur veri\u00f0 a\u00f0almarkma\u00f0ur FRAM \u00feessi \u00e1r og sta\u00f0i\u00f0 milli stanganna \u00ed flestum ef ekki \u00f6llum leikjum FRAM \u00e1 \u00feessum \u00e1rum.\u00a0 Hefur ekki misst \u00far leik.<\/p>\n<p>Gu\u00f0r\u00fan \u00d3sk f\u00e9kk vi\u00f0urkenningu fr\u00e1 FRAM s.l. vor fyrir a\u00f0 hafa leiki\u00f0 yfir 100 leiki fyrir FRAM \u00ed meistaraflokki.<\/p>\n<p>Gu\u00f0r\u00fan \u00d3sk st\u00f3\u00f0 sig fr\u00e1b\u00e6rleg s\u00ed\u00f0ast li\u00f0in vetur og var einn af m\u00e1ttarst\u00f3lpum FRAM sem var\u00f0 svo eftirminnilega \u00cdslandsmeistari \u00ed vor. \u00c1 \u00feessu keppnis\u00e1ri hefur Gu\u00f0r\u00fan leiki\u00f0 manna best og oftar en ekki r\u00e1\u00f0i\u00f0 \u00farslitum leikja FRAM \u00ed vetur.<\/p>\n<p>Gu\u00f0r\u00fan \u00d3sk hefur \u00e1tt fast s\u00e6ti \u00ed A-landsli\u00f0i kvenna undanfarin \u00e1r og hefur leiki\u00f0 alls 34 leiki me\u00f0 li\u00f0inu.<\/p>\n<p>Gu\u00f0r\u00fan \u00d3sk var valinn mikilv\u00e6gasti leikma\u00f0ur meistaraflokks kvenna \u00e1 lokah\u00f3fi handboltans s.l. vor.<\/p>\n<p>Gu\u00f0r\u00fan \u00d3sk var einnig valinn besti markma\u00f0ur OL\u00cdS-deildar kvenna 2016 \u2013 2017 \u00e1 lokh\u00f3fi HS\u00cd s.l. vor.<\/p>\n<p>Gu\u00f0r\u00fan \u00d3sk er s\u00e1 leikma\u00f0ur sem alltaf leggur sig 100 % fram \u00e1 \u00e6fingum og leikjum og er leikma\u00f0urinn sem \u00fej\u00e1lfarar s\u00e6kjast eftir a\u00f0 hafa \u00ed s\u00ednu li\u00f0i.<\/p>\n<p>Til hamingju Gu\u00f0r\u00fan \u00d3sk<\/p>\n<p>\u00c1FRAM FRAM<\/p>\n<p>Myndir \u00far h\u00f3finu \u00ed dag er h\u00e6gt a\u00f0 sj\u00e1 \u00e1 <a href=\"http:\/\/frammyndir.123.is\/pictures\/\" target=\"_blank\" rel=\"noopener\">http:\/\/frammyndir.123.is\/pictures\/<\/a><\/p>\n<p>&nbsp;<\/p>\n<p>&nbsp;<\/p>","protected":false},"excerpt":{"rendered":"<p>Gu\u00f0r\u00fan \u00d3sk Mar\u00edasd\u00f3ttir var \u00ed dag valinn \u00ed\u00fer\u00f3ttama\u00f0ur FRAM 2017. Gu\u00f0r\u00fan \u00d3sk er f\u00e6dd 1989.\u00a0 H\u00fan kom upphaflega til FRAM hausti\u00f0 2011 en t\u00f3k s\u00e9r s\u00ed\u00f0an sm\u00e1 fr\u00ed vegna barneigna [&hellip;]<\/p>","protected":false},"author":4,"featured_media":17095,"comment_status":"open","ping_status":"open","sticky":false,"template":"","format":"standard","meta":{"_monsterinsights_skip_tracking":false,"_monsterinsights_sitenote_active":false,"_monsterinsights_sitenote_note":"","_monsterinsights_sitenote_category":0,"_jetpack_memberships_contains_paid_content":false,"footnotes":""},"categories":[8,6,10,15],"tags":[],"class_list":["post-17088","post","type-post","status-publish","format-standard","has-post-thumbnail","hentry","category-adalstjorn","category-handbolti","category-frettir","category-mfl-kvenna"],"jetpack_sharing_enabled":true,"jetpack_featured_media_url":"https:\/\/fram.is\/wp-content\/uploads\/2017\/12\/Gu\u00f0r\u00fan-\u00d3sk-\u00cd\u00fer\u00f3ttama\u00f0ur-FRAM-vefur.jpg","_links":{"self":[{"href":"https:\/\/fram.is\/is\/wp-json\/wp\/v2\/posts\/17088","targetHints":{"allow":["GET"]}}],"collection":[{"href":"https:\/\/fram.is\/is\/wp-json\/wp\/v2\/posts"}],"about":[{"href":"https:\/\/fram.is\/is\/wp-json\/wp\/v2\/types\/post"}],"author":[{"embeddable":true,"href":"https:\/\/fram.is\/is\/wp-json\/wp\/v2\/users\/4"}],"replies":[{"embeddable":true,"href":"https:\/\/fram.is\/is\/wp-json\/wp\/v2\/comments?post=17088"}],"version-history":[{"count":0,"href":"https:\/\/fram.is\/is\/wp-json\/wp\/v2\/posts\/17088\/revisions"}],"wp:featuredmedia":[{"embeddable":true,"href":"https:\/\/fram.is\/is\/wp-json\/wp\/v2\/media\/17095"}],"wp:attachment":[{"href":"https:\/\/fram.is\/is\/wp-json\/wp\/v2\/media?parent=17088"}],"wp:term":[{"taxonomy":"category","embeddable":true,"href":"https:\/\/fram.is\/is\/wp-json\/wp\/v2\/categories?post=17088"},{"taxonomy":"post_tag","embeddable":true,"href":"https:\/\/fram.is\/is\/wp-json\/wp\/v2\/tags?post=17088"}],"curies":[{"name":"wp","href":"https:\/\/api.w.org\/{rel}","templated":true}]}}