{"id":17100,"date":"2017-12-31T12:18:16","date_gmt":"2017-12-31T12:18:16","guid":{"rendered":"http:\/\/fram.is\/?p=17100"},"modified":"2017-12-31T12:18:16","modified_gmt":"2017-12-31T12:18:16","slug":"thorgrimur-smari-i-fram","status":"publish","type":"post","link":"https:\/\/fram.is\/is\/2017\/12\/31\/thorgrimur-smari-i-fram\/","title":{"rendered":"\u00deorgr\u00edmur Sm\u00e1ri \u00ed FRAM"},"content":{"rendered":"<p style=\"background: white; vertical-align: baseline; margin: 0cm 0cm 13.5pt 0cm;\"><span style=\"font-family: 'Arial',sans-serif; color: #333333;\"> <a href=\"http:\/\/fram.is\/is\/?attachment_id=17101\"><img fetchpriority=\"high\" decoding=\"async\" class=\"alignright size-medium wp-image-17101\" src=\"http:\/\/fram.is\/wp-content\/uploads\/2017\/12\/Toggi-og-Gummi-300x261.jpg\" alt=\"\" width=\"300\" height=\"261\" \/><\/a>\u00deorgr\u00edmur Sm\u00e1ri \u00d3lafsson skrifa\u00f0i \u00ed dag \u00a0undir samning vi\u00f0 FRAM, samningurinn gildir \u00fat leikt\u00ed\u00f0ina en \u00deorgr\u00edmur kemur a\u00f0 l\u00e1ni fr\u00e1 Aftureldingu.<\/span><\/p>\n<p>\u00deorgr\u00edmur \u00feekkir vel til \u00ed Safam\u00fdrinni en hann l\u00e9k me\u00f0 FRAM veturinn 2015-2016 en h\u00e9lt svo til Noregs \u00e1 vit \u00e6vint\u00fdra.<\/p>\n<p>\u00deorgr\u00edmur er fj\u00f6lh\u00e6fur leikma\u00f0ur sem getur leysta allar st\u00f6\u00f0ur \u00fati \u00e1 vellinum \u00e1samt \u00fev\u00ed a\u00f0 vera \u00f6flugur varnarma\u00f0ur. \u00dea\u00f0 \u00fev\u00ed mikill fengur fyrir okkur FRAMara a\u00f0 hafa kr\u00e6kt \u00ed \u00deorgr\u00edm sem mun styrkja h\u00f3pinn og gefa okkur aukna breydd b\u00e6\u00f0i varnar og s\u00f3knarlega.<\/p>\n<p style=\"background: white; vertical-align: baseline; margin: 0cm 0cm 13.5pt 0cm;\"><span style=\"font-family: 'Arial',sans-serif; color: #333333;\">Vi\u00f0 FRAMarar bj\u00f3\u00f0um \u00a0\u00deorgr\u00edm velkominn \u00ed FRAM fj\u00f6lskylduna.<\/span><\/p>\n<p style=\"background: white; vertical-align: baseline; margin: 0cm 0cm 13.5pt 0cm;\"><span style=\"font-family: 'Arial',sans-serif; color: #333333;\">\u00c1FRAM FRAM<\/span><\/p>","protected":false},"excerpt":{"rendered":"<p>\u00deorgr\u00edmur Sm\u00e1ri \u00d3lafsson skrifa\u00f0i \u00ed dag \u00a0undir samning vi\u00f0 FRAM, samningurinn gildir \u00fat leikt\u00ed\u00f0ina en \u00deorgr\u00edmur kemur a\u00f0 l\u00e1ni fr\u00e1 Aftureldingu. \u00deorgr\u00edmur \u00feekkir vel til \u00ed Safam\u00fdrinni en hann l\u00e9k [&hellip;]<\/p>","protected":false},"author":4,"featured_media":17093,"comment_status":"open","ping_status":"open","sticky":false,"template":"","format":"standard","meta":{"_monsterinsights_skip_tracking":false,"_monsterinsights_sitenote_active":false,"_monsterinsights_sitenote_note":"","_monsterinsights_sitenote_category":0,"_jetpack_memberships_contains_paid_content":false,"footnotes":""},"categories":[6,19],"tags":[],"class_list":["post-17100","post","type-post","status-publish","format-standard","has-post-thumbnail","hentry","category-handbolti","category-mfl-karla"],"jetpack_sharing_enabled":true,"jetpack_featured_media_url":"https:\/\/fram.is\/wp-content\/uploads\/2017\/12\/Tobbi-gegn-IBV-vefur.jpg","_links":{"self":[{"href":"https:\/\/fram.is\/is\/wp-json\/wp\/v2\/posts\/17100","targetHints":{"allow":["GET"]}}],"collection":[{"href":"https:\/\/fram.is\/is\/wp-json\/wp\/v2\/posts"}],"about":[{"href":"https:\/\/fram.is\/is\/wp-json\/wp\/v2\/types\/post"}],"author":[{"embeddable":true,"href":"https:\/\/fram.is\/is\/wp-json\/wp\/v2\/users\/4"}],"replies":[{"embeddable":true,"href":"https:\/\/fram.is\/is\/wp-json\/wp\/v2\/comments?post=17100"}],"version-history":[{"count":0,"href":"https:\/\/fram.is\/is\/wp-json\/wp\/v2\/posts\/17100\/revisions"}],"wp:featuredmedia":[{"embeddable":true,"href":"https:\/\/fram.is\/is\/wp-json\/wp\/v2\/media\/17093"}],"wp:attachment":[{"href":"https:\/\/fram.is\/is\/wp-json\/wp\/v2\/media?parent=17100"}],"wp:term":[{"taxonomy":"category","embeddable":true,"href":"https:\/\/fram.is\/is\/wp-json\/wp\/v2\/categories?post=17100"},{"taxonomy":"post_tag","embeddable":true,"href":"https:\/\/fram.is\/is\/wp-json\/wp\/v2\/tags?post=17100"}],"curies":[{"name":"wp","href":"https:\/\/api.w.org\/{rel}","templated":true}]}}