{"id":17248,"date":"2018-01-27T11:55:30","date_gmt":"2018-01-27T11:55:30","guid":{"rendered":"http:\/\/fram.is\/?p=17248"},"modified":"2018-01-27T11:55:30","modified_gmt":"2018-01-27T11:55:30","slug":"mihajlo-jakimoski-gengur-til-lids-vid-fram","status":"publish","type":"post","link":"https:\/\/fram.is\/is\/2018\/01\/27\/mihajlo-jakimoski-gengur-til-lids-vid-fram\/","title":{"rendered":"Mihajlo Jakimoski gengur til li\u00f0s vi\u00f0 FRAM"},"content":{"rendered":"<p>Knattspyrnudeild FRAM hefur sami\u00f0 til tveggja \u00e1ra vi\u00f0 Mihajlo Jakimoski 22 \u00e1ra gamlan s\u00f3knarmann fr\u00e1 Makedon\u00edu.<\/p>\n<p><a href=\"http:\/\/fram.is\/wp-content\/uploads\/2018\/01\/Jakimoski4.jpg\"><img fetchpriority=\"high\" decoding=\"async\" src=\"http:\/\/fram.is\/wp-content\/uploads\/2018\/01\/Jakimoski4-225x300.jpg\" alt=\"\" width=\"225\" height=\"300\" class=\"alignright size-medium wp-image-17250\" \/><\/a><\/p>\n<p>Mihajlo \u00e1 a\u00f0 baki 45 leiki \u00ed efstu deild \u00ed Makedon\u00edu.  \u00cd \u00feessum leikjum hefur hann skora\u00f0 5 m\u00f6rk og \u00e1tt fj\u00f6lda sto\u00f0sendinga.  Mihajlo hefur lengst af leiki\u00f0 sem kantma\u00f0ur.  Hann er 180 cm \u00e1 h\u00e6\u00f0, flj\u00f3tur og me\u00f0 mikla boltat\u00e6kni.<br \/>\nMihajlo er uppalinn hj\u00e1 hj\u00e1 Metlurg Skopje og steig s\u00edn fyrstu skref \u00ed efstu deild me\u00f0 f\u00e9laginu en l\u00e9k s\u00ed\u00f0ast me\u00f0 li\u00f0i Teteks Tetovo \u00ed Maked\u00f3n\u00edu.<br \/>\nMihajlo ver\u00f0ur l\u00f6glegur me\u00f0 li\u00f0i FRAM gegn Val \u00ed Lengjubikarnum laugardaginn 24. febr\u00faar.<\/p>\n<p>Knattspyrnudeild FRAM b\u00fd\u00f0ur \u00feennan ge\u00f0\u00feekka leikmann velkominn \u00ed h\u00f3pinn og telur a\u00f0 hann s\u00e9 mj\u00f6g g\u00f3\u00f0 vi\u00f0b\u00f3t vi\u00f0 ungt og efnilegt li\u00f0 sem FRAM teflir fram \u00ed Inkasso deildinni \u00ed sumar.<\/p>","protected":false},"excerpt":{"rendered":"<p>Knattspyrnudeild FRAM hefur sami\u00f0 til tveggja \u00e1ra vi\u00f0 Mihajlo Jakimoski 22 \u00e1ra gamlan s\u00f3knarmann fr\u00e1 Makedon\u00edu. Mihajlo \u00e1 a\u00f0 baki 45 leiki \u00ed efstu deild \u00ed Makedon\u00edu. \u00cd \u00feessum leikjum [&hellip;]<\/p>","protected":false},"author":6,"featured_media":17260,"comment_status":"open","ping_status":"open","sticky":false,"template":"","format":"standard","meta":{"_monsterinsights_skip_tracking":false,"_monsterinsights_sitenote_active":false,"_monsterinsights_sitenote_note":"","_monsterinsights_sitenote_category":0,"_jetpack_memberships_contains_paid_content":false,"footnotes":""},"categories":[9],"tags":[],"class_list":["post-17248","post","type-post","status-publish","format-standard","has-post-thumbnail","hentry","category-fotbolti"],"jetpack_sharing_enabled":true,"jetpack_featured_media_url":"https:\/\/fram.is\/wp-content\/uploads\/2018\/01\/Jakimoski6.jpg","_links":{"self":[{"href":"https:\/\/fram.is\/is\/wp-json\/wp\/v2\/posts\/17248","targetHints":{"allow":["GET"]}}],"collection":[{"href":"https:\/\/fram.is\/is\/wp-json\/wp\/v2\/posts"}],"about":[{"href":"https:\/\/fram.is\/is\/wp-json\/wp\/v2\/types\/post"}],"author":[{"embeddable":true,"href":"https:\/\/fram.is\/is\/wp-json\/wp\/v2\/users\/6"}],"replies":[{"embeddable":true,"href":"https:\/\/fram.is\/is\/wp-json\/wp\/v2\/comments?post=17248"}],"version-history":[{"count":0,"href":"https:\/\/fram.is\/is\/wp-json\/wp\/v2\/posts\/17248\/revisions"}],"wp:featuredmedia":[{"embeddable":true,"href":"https:\/\/fram.is\/is\/wp-json\/wp\/v2\/media\/17260"}],"wp:attachment":[{"href":"https:\/\/fram.is\/is\/wp-json\/wp\/v2\/media?parent=17248"}],"wp:term":[{"taxonomy":"category","embeddable":true,"href":"https:\/\/fram.is\/is\/wp-json\/wp\/v2\/categories?post=17248"},{"taxonomy":"post_tag","embeddable":true,"href":"https:\/\/fram.is\/is\/wp-json\/wp\/v2\/tags?post=17248"}],"curies":[{"name":"wp","href":"https:\/\/api.w.org\/{rel}","templated":true}]}}