{"id":17262,"date":"2018-01-27T19:23:00","date_gmt":"2018-01-27T19:23:00","guid":{"rendered":"http:\/\/fram.is\/?p=17262"},"modified":"2018-01-27T19:23:00","modified_gmt":"2018-01-27T19:23:00","slug":"vel-heppnadur-supufundur","status":"publish","type":"post","link":"https:\/\/fram.is\/is\/2018\/01\/27\/vel-heppnadur-supufundur\/","title":{"rendered":"Vel heppna\u00f0ur s\u00fapufundur"},"content":{"rendered":"<p><a href=\"http:\/\/fram.is\/is\/2017\/10\/vel-heppnud-supa-i-dag\/supa-halldora-med-raedu\/\"><img fetchpriority=\"high\" decoding=\"async\" class=\"alignright size-medium wp-image-16688\" src=\"http:\/\/fram.is\/wp-content\/uploads\/2017\/10\/S\u00fapa-halld\u00f3ra-me\u00f0-r\u00e6\u00f0u-300x261.jpg\" alt=\"\" width=\"300\" height=\"261\" \/><\/a>Vi\u00f0 FRAMarar h\u00e9ldum \u00ed g\u00e6r \u00a0fj\u00f3r\u00f0a s\u00fapufund vetrarins. M\u00e6tingin \u00ed g\u00e6r var g\u00f3\u00f0 en hef\u00f0i samt vilja\u00f0 sj\u00e1 a\u00f0eins fleiri, \u00fea\u00f0 voru r\u00famlega 50 FRAMarar sem m\u00e6ttu \u00a0og enn erum vi\u00f0 a\u00f0 sj\u00e1 n\u00fd andlit sem er alltaf mj\u00f6g skemmtilegt.\u00a0 \u00dea\u00f0 segir okkur a\u00f0 h\u00f3purinn er enn a\u00f0 st\u00e6kka. 70 manns.<\/p>\n<p>S\u00fapan fr\u00e1b\u00e6r eins og venjulega. H\u00fan klikkar ekkert.<\/p>\n<p>\u00dea\u00f0 er alltaf gaman a\u00f0 sj\u00e1 alla \u00feessa FRAMara \u00e1 \u00f6llum aldri rifja upp gamla daga og r\u00e6\u00f0a m\u00e1lefni dagsins. \u00c9g ver\u00f0 bara a\u00f0 segja a\u00f0 \u00feessir s\u00fapufundir eru gr\u00ed\u00f0arlega vel heppnu\u00f0 upp\u00e1koma.<\/p>\n<p>\u00dea\u00f0 er von okkar \u00a0a\u00f0 sj\u00e1 alla \u00fe\u00e1 sem komu \u00ed dag og enn fleiri \u00feegar vi\u00f0 h\u00f6ldum n\u00e6sta fund sem ver\u00f0ur f\u00f6studaginn 23. Febr\u00faar 2018.<\/p>\n<p>Hvetjum alla FRAMara til a\u00f0 m\u00e6ta og hj\u00e1lpa okkur a\u00f0 l\u00e1ta fleiri vita af \u00feessari velheppnu\u00f0u upp\u00e1komu. \u00fea\u00f0 m\u00e1 enn b\u00e6ta vi\u00f0 f\u00f3lki og gaman a\u00f0 sj\u00e1 enn fleiri \u00ed n\u00e6stu s\u00fapu.<\/p>\n<p>Takk fyrir daginn.<\/p>\n<p>\u00c1FRAM FRAM<\/p>","protected":false},"excerpt":{"rendered":"<p>Vi\u00f0 FRAMarar h\u00e9ldum \u00ed g\u00e6r \u00a0fj\u00f3r\u00f0a s\u00fapufund vetrarins. M\u00e6tingin \u00ed g\u00e6r var g\u00f3\u00f0 en hef\u00f0i samt vilja\u00f0 sj\u00e1 a\u00f0eins fleiri, \u00fea\u00f0 voru r\u00famlega 50 FRAMarar sem m\u00e6ttu \u00a0og enn erum [&hellip;]<\/p>","protected":false},"author":4,"featured_media":16687,"comment_status":"open","ping_status":"open","sticky":false,"template":"","format":"standard","meta":{"_monsterinsights_skip_tracking":false,"_monsterinsights_sitenote_active":false,"_monsterinsights_sitenote_note":"","_monsterinsights_sitenote_category":0,"_jetpack_memberships_contains_paid_content":false,"footnotes":""},"categories":[8,10],"tags":[],"class_list":["post-17262","post","type-post","status-publish","format-standard","has-post-thumbnail","hentry","category-adalstjorn","category-frettir"],"jetpack_sharing_enabled":true,"jetpack_featured_media_url":"https:\/\/fram.is\/wp-content\/uploads\/2017\/10\/S\u00fapa-vefur-scaled.jpg","_links":{"self":[{"href":"https:\/\/fram.is\/is\/wp-json\/wp\/v2\/posts\/17262","targetHints":{"allow":["GET"]}}],"collection":[{"href":"https:\/\/fram.is\/is\/wp-json\/wp\/v2\/posts"}],"about":[{"href":"https:\/\/fram.is\/is\/wp-json\/wp\/v2\/types\/post"}],"author":[{"embeddable":true,"href":"https:\/\/fram.is\/is\/wp-json\/wp\/v2\/users\/4"}],"replies":[{"embeddable":true,"href":"https:\/\/fram.is\/is\/wp-json\/wp\/v2\/comments?post=17262"}],"version-history":[{"count":0,"href":"https:\/\/fram.is\/is\/wp-json\/wp\/v2\/posts\/17262\/revisions"}],"wp:featuredmedia":[{"embeddable":true,"href":"https:\/\/fram.is\/is\/wp-json\/wp\/v2\/media\/16687"}],"wp:attachment":[{"href":"https:\/\/fram.is\/is\/wp-json\/wp\/v2\/media?parent=17262"}],"wp:term":[{"taxonomy":"category","embeddable":true,"href":"https:\/\/fram.is\/is\/wp-json\/wp\/v2\/categories?post=17262"},{"taxonomy":"post_tag","embeddable":true,"href":"https:\/\/fram.is\/is\/wp-json\/wp\/v2\/tags?post=17262"}],"curies":[{"name":"wp","href":"https:\/\/api.w.org\/{rel}","templated":true}]}}