{"id":1737,"date":"2013-01-26T15:00:31","date_gmt":"2013-01-26T15:00:31","guid":{"rendered":"http:\/\/wp.fram.is\/?p=1737"},"modified":"2013-01-26T15:00:31","modified_gmt":"2013-01-26T15:00:31","slug":"fram-maetir-fh-i-urslitaleik-fi-bikarkeppni-karla","status":"publish","type":"post","link":"https:\/\/fram.is\/is\/2013\/01\/26\/fram-maetir-fh-i-urslitaleik-fi-bikarkeppni-karla\/","title":{"rendered":"FRAM m\u00e6tir FH \u00ed \u00farslitaleik F\u00cd-bikarkeppni karla"},"content":{"rendered":"<p><a href=\"http:\/\/fram.is\/wp-content\/uploads\/2013\/01\/Fram-FH-FIbikar-urslit-270113.jpg\"><img fetchpriority=\"high\" decoding=\"async\" src=\"http:\/\/fram.is\/wp-content\/uploads\/2013\/01\/Fram-FH-FIbikar-urslit-270113.jpg\" alt=\"Fram-FH-FIbikar-urslit-270113\" width=\"640\" height=\"320\" class=\"alignnone size-full wp-image-1738\" srcset=\"https:\/\/fram.is\/wp-content\/uploads\/2013\/01\/Fram-FH-FIbikar-urslit-270113.jpg 640w, https:\/\/fram.is\/wp-content\/uploads\/2013\/01\/Fram-FH-FIbikar-urslit-270113-300x150.jpg 300w\" sizes=\"(max-width: 640px) 100vw, 640px\" \/><\/a><br \/>\nFRAM og FH m\u00e6tast \u00ed \u00farslitaleik Flugf\u00e9lags \u00cdslands-bikarkeppni karla \u00ed handknattleik \u00ed \u00ed\u00fer\u00f3ttah\u00fasinu vi\u00f0 Strandg\u00f6tu \u00ed Hafnarfir\u00f0i klukkan 14 \u00e1 sunnudag. \u00a0FRAM trygg\u00f0i s\u00e9r s\u00e6ti \u00ed \u00farslitaleiknum me\u00f0 \u00fev\u00ed a\u00f0 leggja toppli\u00f0 N1-deildarinnar, Hauka, a\u00f0 velli 22-17 og FH haf\u00f0i betur gegn Akureyri \u00ed undan\u00farslitunum 28-24.<\/p>\n<p>\u00deetta er leikur sem FRAMarar \u00e6ttu alls ekki a\u00f0 l\u00e1ta framhj\u00e1 s\u00e9r fara, frammista\u00f0a drengjanna \u00ed leiknum gegn Haukum gefur g\u00f3\u00f0 fyrirheit og \u00feeir eiga stu\u00f0ninginn skilinn. \u00a0M\u00e6tum og hvetjum okkar menn til d\u00e1\u00f0a!<\/p>","protected":false},"excerpt":{"rendered":"<p>FRAM og FH m\u00e6tast \u00ed \u00farslitaleik Flugf\u00e9lags \u00cdslands-bikarkeppni karla \u00ed handknattleik \u00ed \u00ed\u00fer\u00f3ttah\u00fasinu vi\u00f0 Strandg\u00f6tu \u00ed Hafnarfir\u00f0i klukkan 14 \u00e1 sunnudag. \u00a0FRAM trygg\u00f0i s\u00e9r s\u00e6ti \u00ed \u00farslitaleiknum me\u00f0 \u00fev\u00ed a\u00f0 [&hellip;]<\/p>","protected":false},"author":3,"featured_media":1738,"comment_status":"open","ping_status":"open","sticky":false,"template":"","format":"standard","meta":{"_monsterinsights_skip_tracking":false,"_monsterinsights_sitenote_active":false,"_monsterinsights_sitenote_note":"","_monsterinsights_sitenote_category":0,"_jetpack_memberships_contains_paid_content":false,"footnotes":""},"categories":[6,19],"tags":[],"class_list":["post-1737","post","type-post","status-publish","format-standard","has-post-thumbnail","hentry","category-handbolti","category-mfl-karla"],"jetpack_sharing_enabled":true,"jetpack_featured_media_url":"https:\/\/fram.is\/wp-content\/uploads\/2013\/01\/Fram-FH-FIbikar-urslit-270113.jpg","_links":{"self":[{"href":"https:\/\/fram.is\/is\/wp-json\/wp\/v2\/posts\/1737","targetHints":{"allow":["GET"]}}],"collection":[{"href":"https:\/\/fram.is\/is\/wp-json\/wp\/v2\/posts"}],"about":[{"href":"https:\/\/fram.is\/is\/wp-json\/wp\/v2\/types\/post"}],"author":[{"embeddable":true,"href":"https:\/\/fram.is\/is\/wp-json\/wp\/v2\/users\/3"}],"replies":[{"embeddable":true,"href":"https:\/\/fram.is\/is\/wp-json\/wp\/v2\/comments?post=1737"}],"version-history":[{"count":0,"href":"https:\/\/fram.is\/is\/wp-json\/wp\/v2\/posts\/1737\/revisions"}],"wp:featuredmedia":[{"embeddable":true,"href":"https:\/\/fram.is\/is\/wp-json\/wp\/v2\/media\/1738"}],"wp:attachment":[{"href":"https:\/\/fram.is\/is\/wp-json\/wp\/v2\/media?parent=1737"}],"wp:term":[{"taxonomy":"category","embeddable":true,"href":"https:\/\/fram.is\/is\/wp-json\/wp\/v2\/categories?post=1737"},{"taxonomy":"post_tag","embeddable":true,"href":"https:\/\/fram.is\/is\/wp-json\/wp\/v2\/tags?post=1737"}],"curies":[{"name":"wp","href":"https:\/\/api.w.org\/{rel}","templated":true}]}}