{"id":1748,"date":"2013-01-28T15:25:32","date_gmt":"2013-01-28T15:25:32","guid":{"rendered":"http:\/\/fram.is\/?p=1748"},"modified":"2013-01-28T15:25:32","modified_gmt":"2013-01-28T15:25:32","slug":"fjola-braut-blad-i-sogu-fram","status":"publish","type":"post","link":"https:\/\/fram.is\/is\/2013\/01\/28\/fjola-braut-blad-i-sogu-fram\/","title":{"rendered":"Fj\u00f3la braut bla\u00f0 \u00ed s\u00f6gu FRAM"},"content":{"rendered":"<p><a href=\"http:\/\/fram.is\/wp-content\/uploads\/2013\/01\/Fj\u00f3la-Sigur\u00f0ard\u00f3ttir640.jpg\"><img fetchpriority=\"high\" decoding=\"async\" src=\"http:\/\/fram.is\/wp-content\/uploads\/2013\/01\/Fj\u00f3la-Sigur\u00f0ard\u00f3ttir640.jpg\" alt=\"Fj\u00f3la-Sigur\u00f0ard\u00f3ttir640\" width=\"649\" height=\"320\" class=\"alignnone size-full wp-image-1749\" srcset=\"https:\/\/fram.is\/wp-content\/uploads\/2013\/01\/Fj\u00f3la-Sigur\u00f0ard\u00f3ttir640.jpg 649w, https:\/\/fram.is\/wp-content\/uploads\/2013\/01\/Fj\u00f3la-Sigur\u00f0ard\u00f3ttir640-300x148.jpg 300w\" sizes=\"(max-width: 649px) 100vw, 649px\" \/><\/a><br \/>\nFj\u00f3la Sigur\u00f0ard\u00f3ttir, leikma\u00f0ur meistaraflokksli\u00f0s FRAM \u00ed knattspyrnu, skr\u00e1\u00f0i \u00ed g\u00e6r nafn sitt \u00ed s\u00f6gub\u00e6kur \u00feegar h\u00fan var\u00f0 fyrsta knattspyrnukonan \u00far r\u00f6\u00f0um FRAM sem spilar landsleik.\u00a0 Fj\u00f3la, sem er sext\u00e1n \u00e1ra, kom inn \u00e1 sem varama\u00f0ur \u00ed leik U17-\u00e1ra landsli\u00f0s kvenna gegn D\u00f6num \u00ed K\u00f3rnum \u00ed g\u00e6r.\u00a0 Danir unnu leikinn 3-0.<\/p>\n<p>Fj\u00f3la er eins og \u00e1\u00f0ur segir 16 \u00e1ra, en hefur \u00feegar l\u00e1ti\u00f0 hraustlega til s\u00edn taka me\u00f0 meistaraflokksli\u00f0i FRAM.\u00a0 H\u00fan l\u00e9k \u00e1tta leiki me\u00f0 li\u00f0inu \u00ed 1.deildinni \u00e1 s\u00ed\u00f0ustu leikt\u00ed\u00f0 og skora\u00f0i \u00ed \u00feeim 5 m\u00f6rk.\u00a0 A\u00f0eins \u00fer\u00edr leikmenn skou\u00f0u fleiri m\u00f6rk \u00ed deildinni \u00ed fyrra; R\u00f3sa Hauksd\u00f3ttir skora\u00f0i n\u00edu m\u00f6rk, Mar\u00eda R\u00f3s Arngr\u00edmsd\u00f3ttir og \u00c1slaug Eik \u00d3lafsd\u00f3ttir skoru\u00f0u \u00e1tta m\u00f6rk hvor og Dagmar \u00ddr Arnard\u00f3ttir skora\u00f0i sj\u00f6 m\u00f6rk.\u00a0 Berg\u00fe\u00f3ra Baldursd\u00f3ttir skora\u00f0i fimm m\u00f6rk, r\u00e9tt eins og Fj\u00f3la.<\/p>","protected":false},"excerpt":{"rendered":"<p>Fj\u00f3la Sigur\u00f0ard\u00f3ttir, leikma\u00f0ur meistaraflokksli\u00f0s FRAM \u00ed knattspyrnu, skr\u00e1\u00f0i \u00ed g\u00e6r nafn sitt \u00ed s\u00f6gub\u00e6kur \u00feegar h\u00fan var\u00f0 fyrsta knattspyrnukonan \u00far r\u00f6\u00f0um FRAM sem spilar landsleik.\u00a0 Fj\u00f3la, sem er sext\u00e1n \u00e1ra, [&hellip;]<\/p>","protected":false},"author":3,"featured_media":1749,"comment_status":"open","ping_status":"open","sticky":false,"template":"","format":"standard","meta":{"_monsterinsights_skip_tracking":false,"_monsterinsights_sitenote_active":false,"_monsterinsights_sitenote_note":"","_monsterinsights_sitenote_category":0,"_jetpack_memberships_contains_paid_content":false,"footnotes":""},"categories":[12,9],"tags":[],"class_list":["post-1748","post","type-post","status-publish","format-standard","has-post-thumbnail","hentry","category-mflkvenna","category-fotbolti"],"jetpack_sharing_enabled":true,"jetpack_featured_media_url":"https:\/\/fram.is\/wp-content\/uploads\/2013\/01\/Fj\u00f3la-Sigur\u00f0ard\u00f3ttir640.jpg","_links":{"self":[{"href":"https:\/\/fram.is\/is\/wp-json\/wp\/v2\/posts\/1748","targetHints":{"allow":["GET"]}}],"collection":[{"href":"https:\/\/fram.is\/is\/wp-json\/wp\/v2\/posts"}],"about":[{"href":"https:\/\/fram.is\/is\/wp-json\/wp\/v2\/types\/post"}],"author":[{"embeddable":true,"href":"https:\/\/fram.is\/is\/wp-json\/wp\/v2\/users\/3"}],"replies":[{"embeddable":true,"href":"https:\/\/fram.is\/is\/wp-json\/wp\/v2\/comments?post=1748"}],"version-history":[{"count":0,"href":"https:\/\/fram.is\/is\/wp-json\/wp\/v2\/posts\/1748\/revisions"}],"wp:featuredmedia":[{"embeddable":true,"href":"https:\/\/fram.is\/is\/wp-json\/wp\/v2\/media\/1749"}],"wp:attachment":[{"href":"https:\/\/fram.is\/is\/wp-json\/wp\/v2\/media?parent=1748"}],"wp:term":[{"taxonomy":"category","embeddable":true,"href":"https:\/\/fram.is\/is\/wp-json\/wp\/v2\/categories?post=1748"},{"taxonomy":"post_tag","embeddable":true,"href":"https:\/\/fram.is\/is\/wp-json\/wp\/v2\/tags?post=1748"}],"curies":[{"name":"wp","href":"https:\/\/api.w.org\/{rel}","templated":true}]}}