{"id":1752,"date":"2013-01-29T10:26:44","date_gmt":"2013-01-29T10:26:44","guid":{"rendered":"http:\/\/fram.is\/?p=1752"},"modified":"2013-01-29T10:26:44","modified_gmt":"2013-01-29T10:26:44","slug":"stort-yngri-flokka-mot-i-safamyri-um-helgina","status":"publish","type":"post","link":"https:\/\/fram.is\/is\/2013\/01\/29\/stort-yngri-flokka-mot-i-safamyri-um-helgina\/","title":{"rendered":"St\u00f3rt yngri flokka m\u00f3t \u00ed Safam\u00fdri um helgina"},"content":{"rendered":"<p><a href=\"http:\/\/fram.is\/wp-content\/uploads\/2013\/01\/Handbolti-yngri.jpg\"><img fetchpriority=\"high\" decoding=\"async\" src=\"http:\/\/fram.is\/wp-content\/uploads\/2013\/01\/Handbolti-yngri.jpg\" alt=\"Handbolti-yngri\" width=\"640\" height=\"320\" class=\"alignnone size-full wp-image-1753\" srcset=\"https:\/\/fram.is\/wp-content\/uploads\/2013\/01\/Handbolti-yngri.jpg 640w, https:\/\/fram.is\/wp-content\/uploads\/2013\/01\/Handbolti-yngri-300x150.jpg 300w\" sizes=\"(max-width: 640px) 100vw, 640px\" \/><\/a><br \/>\nBl\u00e1si\u00f0 ver\u00f0ur til heljarinnar handboltaveislu \u00ed Safam\u00fdrinni \u00e1 f\u00f6studag, 1.febr\u00faar, en \u00fe\u00e1 hefst \u00ed FRAMh\u00fasinu m\u00f3t \u00fear sem lei\u00f0a saman hesta s\u00edna t\u00e6plega 30 li\u00f0i \u00ed 6.flokki kvenna. \u00a0Leiki\u00f0 ver\u00f0ur \u00e1 f\u00f6studag, laugardag og sunnudag og framt\u00ed\u00f0arstj\u00f6rnur kvennahandboltans spila um 70 leiki \u00feessa \u00ferj\u00e1 daga.<\/p>\n<p>Bl\u00e1si\u00f0 ver\u00f0ur til fyrstu leikja klukkan 15.30 \u00e1 f\u00f6studag og hvergi slegi\u00f0 sl\u00f6ku vi\u00f0 fyrr en undir h\u00e1degi \u00e1 sunnudag. Dagskr\u00e1in hefst klukkan 8 b\u00e6\u00f0i \u00e1 laugardag og sunnudag.<br \/>\nMiki\u00f0 l\u00edf og fj\u00f6r ver\u00f0ur \u00fev\u00ed \u00ed FRAMh\u00fasinu alla helgina; \u00ferotlaus handboltaveisla og veitingar vi\u00f0 allra h\u00e6fi.<\/p>\n<p>Vi\u00f0 viljum bi\u00f0ja foreldra og i\u00f0kendur a\u00f0 fylgjast vel me\u00f0 \u00e1 bloggs\u00ed\u00f0um og\/e\u00f0a Facebooks\u00ed\u00f0um sinna flokka. \u00a0Einnig viljum vi\u00f0 bi\u00f0ja ykkur um a\u00f0 \u00a0skr\u00e1\u00a0ykkar \u00fe\u00e1ttt\u00f6ku \u00ed hinum \u00fdmsu verkefnum; baka, d\u00e6ma, sjoppuvaktir, a\u00f0sto\u00f0 \u00e1 klukku og ritarabor\u00f0 o.fl. \u00a0H\u00e6gt er a\u00f0 senda p\u00f3st \u00a0\u00e1\u00a0<a href=\"mailto:handbolti@fram.is\">handbolti@fram.is<\/a>\u00a0til a\u00f0 f\u00e1 n\u00e1nari uppl\u00fdsingar<\/p>","protected":false},"excerpt":{"rendered":"<p>Bl\u00e1si\u00f0 ver\u00f0ur til heljarinnar handboltaveislu \u00ed Safam\u00fdrinni \u00e1 f\u00f6studag, 1.febr\u00faar, en \u00fe\u00e1 hefst \u00ed FRAMh\u00fasinu m\u00f3t \u00fear sem lei\u00f0a saman hesta s\u00edna t\u00e6plega 30 li\u00f0i \u00ed 6.flokki kvenna. \u00a0Leiki\u00f0 ver\u00f0ur [&hellip;]<\/p>","protected":false},"author":3,"featured_media":1753,"comment_status":"open","ping_status":"open","sticky":false,"template":"","format":"standard","meta":{"_monsterinsights_skip_tracking":false,"_monsterinsights_sitenote_active":false,"_monsterinsights_sitenote_note":"","_monsterinsights_sitenote_category":0,"_jetpack_memberships_contains_paid_content":false,"footnotes":""},"categories":[7,6],"tags":[],"class_list":["post-1752","post","type-post","status-publish","format-standard","has-post-thumbnail","hentry","category-yngri-flokkar","category-handbolti"],"jetpack_sharing_enabled":true,"jetpack_featured_media_url":"https:\/\/fram.is\/wp-content\/uploads\/2013\/01\/Handbolti-yngri.jpg","_links":{"self":[{"href":"https:\/\/fram.is\/is\/wp-json\/wp\/v2\/posts\/1752","targetHints":{"allow":["GET"]}}],"collection":[{"href":"https:\/\/fram.is\/is\/wp-json\/wp\/v2\/posts"}],"about":[{"href":"https:\/\/fram.is\/is\/wp-json\/wp\/v2\/types\/post"}],"author":[{"embeddable":true,"href":"https:\/\/fram.is\/is\/wp-json\/wp\/v2\/users\/3"}],"replies":[{"embeddable":true,"href":"https:\/\/fram.is\/is\/wp-json\/wp\/v2\/comments?post=1752"}],"version-history":[{"count":0,"href":"https:\/\/fram.is\/is\/wp-json\/wp\/v2\/posts\/1752\/revisions"}],"wp:featuredmedia":[{"embeddable":true,"href":"https:\/\/fram.is\/is\/wp-json\/wp\/v2\/media\/1753"}],"wp:attachment":[{"href":"https:\/\/fram.is\/is\/wp-json\/wp\/v2\/media?parent=1752"}],"wp:term":[{"taxonomy":"category","embeddable":true,"href":"https:\/\/fram.is\/is\/wp-json\/wp\/v2\/categories?post=1752"},{"taxonomy":"post_tag","embeddable":true,"href":"https:\/\/fram.is\/is\/wp-json\/wp\/v2\/tags?post=1752"}],"curies":[{"name":"wp","href":"https:\/\/api.w.org\/{rel}","templated":true}]}}