{"id":17745,"date":"2018-03-19T15:07:55","date_gmt":"2018-03-19T15:07:55","guid":{"rendered":"http:\/\/fram.is\/?p=17745"},"modified":"2018-03-19T15:07:55","modified_gmt":"2018-03-19T15:07:55","slug":"fram-semur-vid-brasiliumanninn-marcao","status":"publish","type":"post","link":"https:\/\/fram.is\/is\/2018\/03\/19\/fram-semur-vid-brasiliumanninn-marcao\/","title":{"rendered":"Fram semur vi\u00f0 Brasil\u00edumanninn Marc\u00e1o"},"content":{"rendered":"<p>Knattspyrnudeild Fram hefur gert tveggja \u00e1ra samning vi\u00f0 23 \u00e1ra gamlan varnarmann fr\u00e1 Brasil\u00edu, Marcus Vieira.  Marc\u00e1o eins og hann er kalla\u00f0ur hefur spila\u00f0 me\u00f0 EC Bahia, Juventude og Zaria Balti.<\/p>\n<p><a href=\"http:\/\/fram.is\/wp-content\/uploads\/2018\/03\/Fred-og-Marcao2.jpeg\"><img fetchpriority=\"high\" decoding=\"async\" src=\"http:\/\/fram.is\/wp-content\/uploads\/2018\/03\/Fred-og-Marcao2-300x255.jpeg\" alt=\"\" width=\"300\" height=\"255\" class=\"alignright size-medium wp-image-17746\" srcset=\"https:\/\/fram.is\/wp-content\/uploads\/2018\/03\/Fred-og-Marcao2-300x255.jpeg 300w, https:\/\/fram.is\/wp-content\/uploads\/2018\/03\/Fred-og-Marcao2-800x681.jpeg 800w, https:\/\/fram.is\/wp-content\/uploads\/2018\/03\/Fred-og-Marcao2-1024x871.jpeg 1024w, https:\/\/fram.is\/wp-content\/uploads\/2018\/03\/Fred-og-Marcao2-768x653.jpeg 768w, https:\/\/fram.is\/wp-content\/uploads\/2018\/03\/Fred-og-Marcao2.jpeg 1460w\" sizes=\"(max-width: 300px) 100vw, 300px\" \/><\/a><\/p>\n<p>Auk \u00feess a\u00f0 hafa leiki\u00f0 me\u00f0 f\u00e9lagsli\u00f0um \u00fe\u00e1 \u00e1 Marc\u00e1o a\u00f0 baki 4 landsleiki me\u00f0 yngri landsli\u00f0um Brasil\u00edu.<\/p>\n<p>Tilkoma Marc\u00e1o til Fram ver\u00f0ur til me\u00f0 samstarfi vi\u00f0 \u00f6fluga umbo\u00f0sskrifstofu Etiminanbrazil sem rekin er af Valdir Sousa sem er vel \u00feekktur \u00ed knattspyrnuheiminum.  Fr\u00e1 \u00feessu umbo\u00f0sfyrirt\u00e6ki hafa fari\u00f0 tugir leikmanna til mi\u00f0austurlanda og as\u00edu.  Marc\u00e1o er annar leikma\u00f0urinn sem Etiminanbrazil setur \u00e1 samning \u00ed Evr\u00f3pu. <\/p>\n<p>Fram hefur n\u00fa sami\u00f0 vi\u00f0 tvo brasil\u00edska leikmenn og ver\u00f0ur mj\u00f6g spennandi a\u00f0 sj\u00e1 hvernig \u00feeim gengur a\u00f0 a\u00f0lagast a\u00f0st\u00e6\u00f0um h\u00e9r \u00e1 landi.  \u00de\u00e6r eru vissulega \u00f3l\u00edkar hitanum \u00ed Brasil\u00edu en hins vegar er \u00e1stand valla og innanh\u00fasknattspyrnan \u00ed knattspyrnuh\u00f6llum n\u00fdtt \u00ed \u00feeirra augum.<\/p>\n<p>\u00dea\u00f0 eru \u00feegar farin a\u00f0 sj\u00e1st skemmtileg til\u00ferif \u00e1 \u00e6fingum.  Marc\u00e1o er gr\u00ed\u00f0arlega \u00f6flugur varnarma\u00f0ur, 193cm \u00e1 h\u00e6\u00f0 og 90kg.  Hann er feikisterkur \u00ed loftinu og me\u00f0 mikla sendigetu, b\u00e6\u00f0i lengri sendingar og stuttar.  \u00dea\u00f0 er gaman a\u00f0 heyra hann kalla \u00e1 s\u00edna samherja og st\u00fdra varnarl\u00ednunni me\u00f0 har\u00f0ri hendi. <\/p>\n<p>Vi\u00f0 bj\u00f3\u00f0um \u00feennan ge\u00f0\u00feekka leikmann velkominn \u00ed Fram og \u00ed \u00edslenska knattspyrnu.<\/p>","protected":false},"excerpt":{"rendered":"<p>Knattspyrnudeild Fram hefur gert tveggja \u00e1ra samning vi\u00f0 23 \u00e1ra gamlan varnarmann fr\u00e1 Brasil\u00edu, Marcus Vieira. Marc\u00e1o eins og hann er kalla\u00f0ur hefur spila\u00f0 me\u00f0 EC Bahia, Juventude og Zaria [&hellip;]<\/p>","protected":false},"author":6,"featured_media":17746,"comment_status":"open","ping_status":"open","sticky":false,"template":"","format":"standard","meta":{"_monsterinsights_skip_tracking":false,"_monsterinsights_sitenote_active":false,"_monsterinsights_sitenote_note":"","_monsterinsights_sitenote_category":0,"_jetpack_memberships_contains_paid_content":false,"footnotes":""},"categories":[11,10,9,20],"tags":[],"class_list":["post-17745","post","type-post","status-publish","format-standard","has-post-thumbnail","hentry","category-mflkarla","category-frettir","category-fotbolti","category-framiceland"],"jetpack_sharing_enabled":true,"jetpack_featured_media_url":"https:\/\/fram.is\/wp-content\/uploads\/2018\/03\/Fred-og-Marcao2.jpeg","_links":{"self":[{"href":"https:\/\/fram.is\/is\/wp-json\/wp\/v2\/posts\/17745","targetHints":{"allow":["GET"]}}],"collection":[{"href":"https:\/\/fram.is\/is\/wp-json\/wp\/v2\/posts"}],"about":[{"href":"https:\/\/fram.is\/is\/wp-json\/wp\/v2\/types\/post"}],"author":[{"embeddable":true,"href":"https:\/\/fram.is\/is\/wp-json\/wp\/v2\/users\/6"}],"replies":[{"embeddable":true,"href":"https:\/\/fram.is\/is\/wp-json\/wp\/v2\/comments?post=17745"}],"version-history":[{"count":0,"href":"https:\/\/fram.is\/is\/wp-json\/wp\/v2\/posts\/17745\/revisions"}],"wp:featuredmedia":[{"embeddable":true,"href":"https:\/\/fram.is\/is\/wp-json\/wp\/v2\/media\/17746"}],"wp:attachment":[{"href":"https:\/\/fram.is\/is\/wp-json\/wp\/v2\/media?parent=17745"}],"wp:term":[{"taxonomy":"category","embeddable":true,"href":"https:\/\/fram.is\/is\/wp-json\/wp\/v2\/categories?post=17745"},{"taxonomy":"post_tag","embeddable":true,"href":"https:\/\/fram.is\/is\/wp-json\/wp\/v2\/tags?post=17745"}],"curies":[{"name":"wp","href":"https:\/\/api.w.org\/{rel}","templated":true}]}}