{"id":17751,"date":"2018-03-19T17:34:15","date_gmt":"2018-03-19T17:34:15","guid":{"rendered":"http:\/\/fram.is\/?p=17751"},"modified":"2018-03-19T17:34:15","modified_gmt":"2018-03-19T17:34:15","slug":"haefileikamotun-hsi-sjo-fra-fram","status":"publish","type":"post","link":"https:\/\/fram.is\/is\/2018\/03\/19\/haefileikamotun-hsi-sjo-fra-fram\/","title":{"rendered":"H\u00e6fileikam\u00f3tun HS\u00cd, sj\u00f6 fr\u00e1 FRAM"},"content":{"rendered":"<p><a href=\"http:\/\/fram.is\/is\/2017\/12\/elin-bjarnadottir-og-sara-xiao-valdar-i-haefileikamotun-hsi\/elin-bjarnadottir-rett\/\"><img fetchpriority=\"high\" decoding=\"async\" class=\"alignright size-medium wp-image-17013\" src=\"http:\/\/fram.is\/wp-content\/uploads\/2017\/12\/El\u00edn-Bjarnad\u00f3ttir-r\u00e9tt-225x300.jpg\" alt=\"\" width=\"225\" height=\"300\" \/><\/a><a href=\"http:\/\/fram.is\/is\/2017\/12\/elin-bjarnadottir-og-sara-xiao-valdar-i-haefileikamotun-hsi\/sara-xiao-rett\/\"><img decoding=\"async\" class=\"alignright size-medium wp-image-17012\" src=\"http:\/\/fram.is\/wp-content\/uploads\/2017\/12\/Sara-Xiao-r\u00e9tt-225x300.jpg\" alt=\"\" width=\"225\" height=\"300\" \/><\/a><a href=\"http:\/\/fram.is\/is\/2017\/12\/fjorir-fra-fram-i-haefileikamotun-hsi\/strakar-2004-hsi-haefileikamotun\/\"><img decoding=\"async\" class=\"alignright size-medium wp-image-17034\" src=\"http:\/\/fram.is\/wp-content\/uploads\/2017\/12\/Str\u00e1kar-2004-HS\u00cd-H\u00e6fileikam\u00f3tun.--300x300.jpg\" alt=\"\" width=\"300\" height=\"300\" \/><\/a>Annar hluti H\u00e6fileikam\u00f3tunar HS\u00cd fer fram dagana 27.-28.mars n.k.<br \/>\nH\u00f3parnir sem valdir hafa veri\u00f0 a\u00f0 \u00feessu sinni saman standa af drengjum og st\u00falkum f\u00e6ddum \u00e1ri\u00f0 2004.<br \/>\nMargir \u00fej\u00e1lfarar koma a\u00f0 \u00feessu verkefni en Einar Gu\u00f0mundsson hefur umsj\u00f3n me\u00f0 verkefninu.<\/p>\n<p>Vi\u00f0 FRAMarar erum stoltir af \u00fev\u00ed a\u00f0 eiga sj\u00f6 leikmenn \u00ed \u00feessum \u00f6\u00f0rum hluta h\u00e6fileikam\u00f3tunnar HS\u00cd en \u00feau sem voru valin fr\u00e1 FRAM a\u00f0 \u00feessu sinni eru:<\/p>\n<p><strong>St\u00falkur<\/strong><br \/>\nEl\u00edn Bjarnad\u00f3ttir\u00a0 \u00a0 \u00a0 \u00a0 \u00a0 \u00a0 \u00a0 \u00a0 \u00a0 \u00a0 \u00a0 \u00a0 \u00a0 \u00a0 \u00a0 \u00a0 \u00a0 \u00a0Fram<br \/>\nSara Xiao\u00a0 \u00a0 \u00a0 \u00a0 \u00a0 \u00a0 \u00a0 \u00a0 \u00a0 \u00a0 \u00a0 \u00a0 \u00a0 \u00a0 \u00a0 \u00a0 \u00a0 \u00a0 \u00a0 \u00a0 \u00a0 \u00a0 \u00a0Fram<br \/>\nTinna Bergsd\u00f3ttir\u00a0\u00a0\u00a0\u00a0\u00a0\u00a0\u00a0\u00a0\u00a0\u00a0\u00a0\u00a0\u00a0\u00a0\u00a0\u00a0 \u00a0\u00a0\u00a0\u00a0\u00a0\u00a0\u00a0\u00a0\u00a0\u00a0\u00a0\u00a0\u00a0\u00a0\u00a0 Fram<\/p>\n<p><strong>Drengir<\/strong><\/p>\n<p>Kjartan J\u00fal\u00edusson\u00a0 \u00a0 \u00a0 \u00a0 \u00a0 \u00a0 \u00a0 \u00a0 \u00a0 \u00a0 \u00a0 \u00a0 \u00a0 \u00a0 \u00a0 \u00a0 \u00a0Fram<br \/>\nSigf\u00fas \u00c1rni Gu\u00f0mundsson\u00a0\u00a0\u00a0\u00a0\u00a0\u00a0\u00a0\u00a0\u00a0\u00a0\u00a0\u00a0\u00a0\u00a0\u00a0\u00a0\u00a0 Fram<br \/>\nTorfi Halld\u00f3rsson\u00a0 \u00a0 \u00a0 \u00a0 \u00a0 \u00a0 \u00a0 \u00a0 \u00a0 \u00a0 \u00a0 \u00a0 \u00a0 \u00a0 \u00a0 \u00a0 \u00a0Fram<br \/>\nVeigar M\u00e1r Har\u00f0arson\u00a0\u00a0\u00a0\u00a0\u00a0\u00a0\u00a0\u00a0\u00a0\u00a0\u00a0\u00a0\u00a0\u00a0\u00a0\u00a0\u00a0\u00a0\u00a0\u00a0\u00a0\u00a0\u00a0 Fram<\/p>\n<p>Gangi ykkur vel FRAMarar<\/p>\n<p>\u00c1FRAM FRAM<\/p>","protected":false},"excerpt":{"rendered":"<p>Annar hluti H\u00e6fileikam\u00f3tunar HS\u00cd fer fram dagana 27.-28.mars n.k. H\u00f3parnir sem valdir hafa veri\u00f0 a\u00f0 \u00feessu sinni saman standa af drengjum og st\u00falkum f\u00e6ddum \u00e1ri\u00f0 2004. Margir \u00fej\u00e1lfarar koma a\u00f0 [&hellip;]<\/p>","protected":false},"author":4,"featured_media":17035,"comment_status":"open","ping_status":"open","sticky":false,"template":"","format":"standard","meta":{"_monsterinsights_skip_tracking":false,"_monsterinsights_sitenote_active":false,"_monsterinsights_sitenote_note":"","_monsterinsights_sitenote_category":0,"_jetpack_memberships_contains_paid_content":false,"footnotes":""},"categories":[7,6],"tags":[],"class_list":["post-17751","post","type-post","status-publish","format-standard","has-post-thumbnail","hentry","category-yngri-flokkar","category-handbolti"],"jetpack_sharing_enabled":true,"jetpack_featured_media_url":"https:\/\/fram.is\/wp-content\/uploads\/2017\/12\/Str\u00e1kar-2004-HS\u00cd-H\u00e6fileikam\u00f3tun-vefur.jpg","_links":{"self":[{"href":"https:\/\/fram.is\/is\/wp-json\/wp\/v2\/posts\/17751","targetHints":{"allow":["GET"]}}],"collection":[{"href":"https:\/\/fram.is\/is\/wp-json\/wp\/v2\/posts"}],"about":[{"href":"https:\/\/fram.is\/is\/wp-json\/wp\/v2\/types\/post"}],"author":[{"embeddable":true,"href":"https:\/\/fram.is\/is\/wp-json\/wp\/v2\/users\/4"}],"replies":[{"embeddable":true,"href":"https:\/\/fram.is\/is\/wp-json\/wp\/v2\/comments?post=17751"}],"version-history":[{"count":0,"href":"https:\/\/fram.is\/is\/wp-json\/wp\/v2\/posts\/17751\/revisions"}],"wp:featuredmedia":[{"embeddable":true,"href":"https:\/\/fram.is\/is\/wp-json\/wp\/v2\/media\/17035"}],"wp:attachment":[{"href":"https:\/\/fram.is\/is\/wp-json\/wp\/v2\/media?parent=17751"}],"wp:term":[{"taxonomy":"category","embeddable":true,"href":"https:\/\/fram.is\/is\/wp-json\/wp\/v2\/categories?post=17751"},{"taxonomy":"post_tag","embeddable":true,"href":"https:\/\/fram.is\/is\/wp-json\/wp\/v2\/tags?post=17751"}],"curies":[{"name":"wp","href":"https:\/\/api.w.org\/{rel}","templated":true}]}}