{"id":17759,"date":"2018-03-21T23:31:55","date_gmt":"2018-03-21T23:31:55","guid":{"rendered":"http:\/\/fram.is\/?p=17759"},"modified":"2018-03-21T23:31:55","modified_gmt":"2018-03-21T23:31:55","slug":"drama-og-spenna-i-safamyrinni","status":"publish","type":"post","link":"https:\/\/fram.is\/is\/2018\/03\/21\/drama-og-spenna-i-safamyrinni\/","title":{"rendered":"Drama og spenna \u00ed Safam\u00fdrinni"},"content":{"rendered":"<p><a href=\"http:\/\/fram.is\/is\/?attachment_id=17760\"><img fetchpriority=\"high\" decoding=\"async\" class=\"alignright size-medium wp-image-17760\" src=\"http:\/\/fram.is\/wp-content\/uploads\/2018\/03\/FRAM-IBV-300x225.jpg\" alt=\"\" width=\"300\" height=\"225\" \/><\/a>Str\u00e1karnir okkar \u00ed handboltanum m\u00e6ttu \u00cdBV \u00ed s\u00ed\u00f0asta leik okkar \u00ed Ol\u00edsdeildinni \u00ed vetur.\u00a0 \u00dea\u00f0 var ekkert \u00ed h\u00fafi fyrir okkur nema hei\u00f0urinn en \u00cdBV \u00feurfti sigur til a\u00f0 tryggja s\u00e9r deildarmeistaratitilinn. Vel m\u00e6tt af eyjam\u00f6nnum og konum en heldur f\u00e1tt hj\u00e1 okkur \u00ed byrjun, \u00fea\u00f0 r\u00e6ttist reyndar \u00far og f\u00ednn stu\u00f0ningur \u00e1 p\u00f6llunum \u00ed kv\u00f6ld.<br \/>\nLeikurinn var skemmtilegur, bullandi s\u00f3knarbolti en l\u00edti\u00f0 um varnir \u00ed fyrri h\u00e1lfleik. Vi\u00f0 a\u00f0 spila \u00e1g\u00e6tlega og n\u00e1\u00f0um a\u00f0 leysa varnarleik \u00cdBV me\u00f0 pr\u00ed\u00f0i. Sta\u00f0an eftir 15 m\u00edn. 8-9.<br \/>\nAllir a\u00f0 leggja sig fram og stemming \u00ed okkar li\u00f0i.\u00a0 Vi\u00f0 keyr\u00f0um \u00e1 \u00fe\u00e1 \u00f3hr\u00e6ddir og ger\u00f0um miki\u00f0 af g\u00f3\u00f0um m\u00f6rkum. N\u00e1\u00f0um a\u00f0 komast \u00ferj\u00fa m\u00f6rk yfir 15-12 og leiddum \u00ed h\u00e1lfleik 19-17.<br \/>\nA\u00f0 m\u00f6rguleiti f\u00ednn leikur hj\u00e1 okkur, f\u00e1tt um varnir en l\u00edklegt a\u00f0 \u00fea\u00f0 li\u00f0 sem n\u00e6\u00f0i upp varnarleik myndi landa sigri ?<br \/>\nVi\u00f0 byrju\u00f0um s\u00ed\u00f0ari h\u00e1lfleik vel, h\u00e9ldum frumkv\u00e6\u00f0inu og vorum a\u00f0 spila vel. Sta\u00f0an eftir 40 m\u00edn. 24-21.\u00a0 \u00dea\u00f0 var f\u00e1tt sem benti til \u00feessa a\u00f0 vi\u00f0 \u00e6tlu\u00f0um a\u00f0 sleppa takinu \u00e1 \u00feessum leik.\u00a0 En \u00fe\u00e1 kom vondur kafli hj\u00e1 okkur, vi\u00f0 ger\u00f0um okkur seka um klaufa mist\u00f6k sem g\u00e1fu \u00f3d\u00fdr m\u00f6rk og \u00feeir n\u00e1\u00f0u a\u00f0 jafna leikinn<\/p>\n<p>Sta\u00f0an eftir 50 m\u00edn. 27-27. \u00a0\u00dearna vanta\u00f0i yfirvegun \u00ed okkar leik, \u00fev\u00ed \u00feeir \u00feurftu a\u00f0 taka s\u00e9nsa ekki vi\u00f0.<br \/>\nLi\u00f0in skiptust svo \u00e1 a\u00f0 hafa forrustu og munurinn aldrei meira en eitt mark, sta\u00f0an eftir 55 m\u00edn. 32-31.\u00a0 Leikurinn svakalega spennandi og allt \u00e1 su\u00f0upunkti \u00ed Safam\u00fdrinni.\u00a0 Vi\u00f0 vorum tv\u00f6 yfir \u00feegar t\u00e6par \u00ferj\u00e1r m\u00edn. voru eftir 33-31 en lengra f\u00f3rum vi\u00f0 ekki \u00ed kv\u00f6ld. Vi\u00f0 n\u00e1\u00f0um ekki a\u00f0 skora meira og \u00cdBV setti sigurmark \u00e1 loka m\u00edn. leiksins, lokat\u00f6lur 33-34. Svakalega svekkjandi.<br \/>\nVi\u00f0 vorum klaufar a\u00f0 kl\u00e1ra ekki \u00feennan leik, misstum a\u00f0eins kjarkinn undir lokin sem er \u00f3l\u00edkt okkur e\u00f0a kannski var \u00feetta bara b\u00f6lvu\u00f0 \u00f3heppni.\u00a0 M\u00e9r fannst vi\u00f0 flottir \u00ed \u00feessum leik, hef\u00f0i vilja\u00f0 sj\u00e1 betri varnarleik en skemmtilegur leikur \u00fe\u00f3 hann hafi enda\u00f0 svona.<br \/>\nMargir a\u00f0 spila vel, Arnar Birkir fr\u00e1b\u00e6r \u00e1 k\u00f6flum en \u00fearf a\u00f0 vanda sig meira, Valdi og Andri \u00de\u00f3r flottir \u00e1samt \u00fev\u00ed a\u00f0 Aron Fannar st\u00f3\u00f0 sig vel \u00ed v\u00f6rninn. Allir a\u00f0 leggja sig fram og ef vi\u00f0 h\u00f6ldum \u00feessum h\u00f3pi \u00fe\u00e1 er lj\u00f3st a\u00f0 \u00feetta li\u00f0 getur b\u00e6tt sig verulega.<br \/>\nMig langar a\u00f0 \u00feakka str\u00e1kunum fyrir veturinn, vi\u00f0 hef\u00f0um geta\u00f0 gert betur og \u00feurfum a\u00f0 vinna \u00ed \u00fev\u00ed a\u00f0 n\u00e1 st\u00f6\u00f0uleika \u00ed okkar li\u00f0.\u00a0 \u00c9g hef bullandi tr\u00fa \u00e1 ykkur, takk fyrir veturinn, drengir.<\/p>\n<p>\u00c1FRAM FRAM<\/p>\n<p>Myndir \u00far leiknumm h\u00e9r\u00a0<a href=\"http:\/\/frammyndir.123.is\/pictures\/\" target=\"_blank\" rel=\"noopener\">http:\/\/frammyndir.123.is\/pictures\/<\/a><\/p>","protected":false},"excerpt":{"rendered":"<p>Str\u00e1karnir okkar \u00ed handboltanum m\u00e6ttu \u00cdBV \u00ed s\u00ed\u00f0asta leik okkar \u00ed Ol\u00edsdeildinni \u00ed vetur.\u00a0 \u00dea\u00f0 var ekkert \u00ed h\u00fafi fyrir okkur nema hei\u00f0urinn en \u00cdBV \u00feurfti sigur til a\u00f0 tryggja [&hellip;]<\/p>","protected":false},"author":4,"featured_media":17767,"comment_status":"open","ping_status":"open","sticky":false,"template":"","format":"standard","meta":{"_monsterinsights_skip_tracking":false,"_monsterinsights_sitenote_active":false,"_monsterinsights_sitenote_note":"","_monsterinsights_sitenote_category":0,"_jetpack_memberships_contains_paid_content":false,"footnotes":""},"categories":[6,19],"tags":[],"class_list":["post-17759","post","type-post","status-publish","format-standard","has-post-thumbnail","hentry","category-handbolti","category-mfl-karla"],"jetpack_sharing_enabled":true,"jetpack_featured_media_url":"https:\/\/fram.is\/wp-content\/uploads\/2018\/03\/Valdi-gegn-\u00cdBV-vefur.jpg","_links":{"self":[{"href":"https:\/\/fram.is\/is\/wp-json\/wp\/v2\/posts\/17759","targetHints":{"allow":["GET"]}}],"collection":[{"href":"https:\/\/fram.is\/is\/wp-json\/wp\/v2\/posts"}],"about":[{"href":"https:\/\/fram.is\/is\/wp-json\/wp\/v2\/types\/post"}],"author":[{"embeddable":true,"href":"https:\/\/fram.is\/is\/wp-json\/wp\/v2\/users\/4"}],"replies":[{"embeddable":true,"href":"https:\/\/fram.is\/is\/wp-json\/wp\/v2\/comments?post=17759"}],"version-history":[{"count":0,"href":"https:\/\/fram.is\/is\/wp-json\/wp\/v2\/posts\/17759\/revisions"}],"wp:featuredmedia":[{"embeddable":true,"href":"https:\/\/fram.is\/is\/wp-json\/wp\/v2\/media\/17767"}],"wp:attachment":[{"href":"https:\/\/fram.is\/is\/wp-json\/wp\/v2\/media?parent=17759"}],"wp:term":[{"taxonomy":"category","embeddable":true,"href":"https:\/\/fram.is\/is\/wp-json\/wp\/v2\/categories?post=17759"},{"taxonomy":"post_tag","embeddable":true,"href":"https:\/\/fram.is\/is\/wp-json\/wp\/v2\/tags?post=17759"}],"curies":[{"name":"wp","href":"https:\/\/api.w.org\/{rel}","templated":true}]}}