{"id":18050,"date":"2018-04-24T16:45:10","date_gmt":"2018-04-24T16:45:10","guid":{"rendered":"http:\/\/fram.is\/?p=18050"},"modified":"2018-04-24T16:45:10","modified_gmt":"2018-04-24T16:45:10","slug":"adalfundur-handknattleiksdeildar-fram-og-unglingarads-verdur-haldinn-fimmtudaginn-3-mai-kl-1730","status":"publish","type":"post","link":"https:\/\/fram.is\/is\/2018\/04\/24\/adalfundur-handknattleiksdeildar-fram-og-unglingarads-verdur-haldinn-fimmtudaginn-3-mai-kl-1730\/","title":{"rendered":"A\u00d0ALFUNDUR Handknattleiksdeildar FRAM og unglingar\u00e1\u00f0s, ver\u00f0ur haldinn fimmtudaginn 3. ma\u00ed\u00a0 kl. 18:15"},"content":{"rendered":"<p><strong><u><a href=\"http:\/\/fram.is\/is\/2018\/03\/fram-konur-bikarmeistarar-2018\/bikarmeistarar-2018\/\"><img fetchpriority=\"high\" decoding=\"async\" class=\"alignright size-medium wp-image-17648\" src=\"http:\/\/fram.is\/wp-content\/uploads\/2018\/03\/Bikarmeistarar-2018-300x169.jpg\" alt=\"\" width=\"300\" height=\"169\" srcset=\"https:\/\/fram.is\/wp-content\/uploads\/2018\/03\/Bikarmeistarar-2018-300x169.jpg 300w, https:\/\/fram.is\/wp-content\/uploads\/2018\/03\/Bikarmeistarar-2018-600x338.jpg 600w, https:\/\/fram.is\/wp-content\/uploads\/2018\/03\/Bikarmeistarar-2018-768x432.jpg 768w, https:\/\/fram.is\/wp-content\/uploads\/2018\/03\/Bikarmeistarar-2018.jpg 800w\" sizes=\"(max-width: 300px) 100vw, 300px\" \/><\/a>A\u00d0ALFUNDUR\u00a0 <\/u><\/strong><strong>Handknattleiksdeildar FRAM og unglingar\u00e1\u00f0s, v<\/strong><strong>er\u00f0ur haldinn fimmtudaginn 3. ma\u00ed<br \/>\nkl. 18:15 \u00ed\u00a0<\/strong><strong>\u00cd\u00fer\u00f3ttah\u00fasi FRAM.<\/strong><\/p>\n<p><strong>Dagskr\u00e1:<\/strong><\/p>\n<ul>\n<li><strong>Venjuleg a\u00f0alfundarst\u00f6rf <\/strong><\/li>\n<li><strong>\u00d6nnur m\u00e1l<\/strong><strong>\u00a0<\/strong><\/li>\n<\/ul>\n<p><strong>Stj\u00f3rn <\/strong><\/p>\n<p><strong>Handknattleiksdeildar og unglingar\u00e1\u00f0<\/strong><\/p>","protected":false},"excerpt":{"rendered":"<p>A\u00d0ALFUNDUR\u00a0 Handknattleiksdeildar FRAM og unglingar\u00e1\u00f0s, ver\u00f0ur haldinn fimmtudaginn 3. ma\u00ed kl. 18:15 \u00ed\u00a0\u00cd\u00fer\u00f3ttah\u00fasi FRAM. Dagskr\u00e1: Venjuleg a\u00f0alfundarst\u00f6rf \u00d6nnur m\u00e1l\u00a0 Stj\u00f3rn Handknattleiksdeildar og unglingar\u00e1\u00f0<\/p>","protected":false},"author":4,"featured_media":17660,"comment_status":"open","ping_status":"open","sticky":false,"template":"","format":"standard","meta":{"_monsterinsights_skip_tracking":false,"_monsterinsights_sitenote_active":false,"_monsterinsights_sitenote_note":"","_monsterinsights_sitenote_category":0,"_jetpack_memberships_contains_paid_content":false,"footnotes":""},"categories":[7,6,15,19],"tags":[],"class_list":["post-18050","post","type-post","status-publish","format-standard","has-post-thumbnail","hentry","category-yngri-flokkar","category-handbolti","category-mfl-kvenna","category-mfl-karla"],"jetpack_sharing_enabled":true,"jetpack_featured_media_url":"https:\/\/fram.is\/wp-content\/uploads\/2018\/03\/Bikarmeistarar-2018-vefur.jpg","_links":{"self":[{"href":"https:\/\/fram.is\/is\/wp-json\/wp\/v2\/posts\/18050","targetHints":{"allow":["GET"]}}],"collection":[{"href":"https:\/\/fram.is\/is\/wp-json\/wp\/v2\/posts"}],"about":[{"href":"https:\/\/fram.is\/is\/wp-json\/wp\/v2\/types\/post"}],"author":[{"embeddable":true,"href":"https:\/\/fram.is\/is\/wp-json\/wp\/v2\/users\/4"}],"replies":[{"embeddable":true,"href":"https:\/\/fram.is\/is\/wp-json\/wp\/v2\/comments?post=18050"}],"version-history":[{"count":0,"href":"https:\/\/fram.is\/is\/wp-json\/wp\/v2\/posts\/18050\/revisions"}],"wp:featuredmedia":[{"embeddable":true,"href":"https:\/\/fram.is\/is\/wp-json\/wp\/v2\/media\/17660"}],"wp:attachment":[{"href":"https:\/\/fram.is\/is\/wp-json\/wp\/v2\/media?parent=18050"}],"wp:term":[{"taxonomy":"category","embeddable":true,"href":"https:\/\/fram.is\/is\/wp-json\/wp\/v2\/categories?post=18050"},{"taxonomy":"post_tag","embeddable":true,"href":"https:\/\/fram.is\/is\/wp-json\/wp\/v2\/tags?post=18050"}],"curies":[{"name":"wp","href":"https:\/\/api.w.org\/{rel}","templated":true}]}}