{"id":18188,"date":"2018-05-11T09:37:40","date_gmt":"2018-05-11T09:37:40","guid":{"rendered":"http:\/\/fram.is\/?p=18188"},"modified":"2018-05-11T09:37:40","modified_gmt":"2018-05-11T09:37:40","slug":"sex-fra-fram-i-landslidum-islands-u18-og-u20-kvenna","status":"publish","type":"post","link":"https:\/\/fram.is\/is\/2018\/05\/11\/sex-fra-fram-i-landslidum-islands-u18-og-u20-kvenna\/","title":{"rendered":"Sex fr\u00e1 FRAM \u00ed landsli\u00f0um \u00cdslands U18 og U20 kvenna"},"content":{"rendered":"<p><a href=\"http:\/\/fram.is\/is\/2017\/11\/fimm-fra-fram-i-aefingahopi-islands-u-20-kvenna\/harpa\/\"><img fetchpriority=\"high\" decoding=\"async\" class=\"alignright size-medium wp-image-16785\" src=\"http:\/\/fram.is\/wp-content\/uploads\/2017\/11\/Harpa-250x300.jpg\" alt=\"\" width=\"250\" height=\"300\" \/><\/a><a href=\"http:\/\/fram.is\/is\/2017\/12\/heidrun-og-lena-i-landslidshopi-islands-u20\/heidrun-dis-lidsmynd-2\/\"><img decoding=\"async\" class=\"alignright size-medium wp-image-16979\" src=\"http:\/\/fram.is\/wp-content\/uploads\/2017\/12\/Hei\u00f0r\u00fan-D\u00eds-li\u00f0smynd-300x300.jpg\" alt=\"\" width=\"300\" height=\"300\" \/><\/a><a href=\"http:\/\/fram.is\/is\/2017\/11\/fimm-fra-fram-i-aefingahopi-islands-u-20-kvenna\/lena-3\/\"><img decoding=\"async\" class=\"alignright size-medium wp-image-16791\" src=\"http:\/\/fram.is\/wp-content\/uploads\/2017\/11\/Lena-1-300x300.jpg\" alt=\"\" width=\"300\" height=\"300\" \/><\/a><a href=\"http:\/\/fram.is\/is\/2017\/12\/thrjar-fra-fram-i-landslidshopi-islands-u18\/erna-gulla-lidsmynd-2\/\"><img loading=\"lazy\" decoding=\"async\" class=\"alignright size-medium wp-image-16976\" src=\"http:\/\/fram.is\/wp-content\/uploads\/2017\/12\/Erna-Gulla-li\u00f0smynd-300x300.jpg\" alt=\"\" width=\"300\" height=\"300\" \/><\/a><a href=\"http:\/\/fram.is\/is\/2017\/12\/thrjar-fra-fram-i-landslidshopi-islands-u18\/jonina-u18\/\"><img loading=\"lazy\" decoding=\"async\" class=\"alignright size-medium wp-image-17083\" src=\"http:\/\/fram.is\/wp-content\/uploads\/2017\/12\/J\u00f3n\u00edna-U18-261x300.jpg\" alt=\"\" width=\"261\" height=\"300\" \/><\/a><\/p>\n<p>&nbsp;<\/p>\n<p>&nbsp;<\/p>\n<p>&nbsp;<\/p>\n<p>&nbsp;<\/p>\n<p>&nbsp;<\/p>\n<p>&nbsp;<\/p>\n<p>&nbsp;<\/p>\n<p>&nbsp;<\/p>\n<p>&nbsp;<\/p>\n<p><a href=\"http:\/\/fram.is\/is\/?attachment_id=18189\"><img loading=\"lazy\" decoding=\"async\" class=\"alignright size-medium wp-image-18189\" src=\"http:\/\/fram.is\/wp-content\/uploads\/2018\/05\/Da\u00f0ey-gegn-ibv-261x300.jpg\" alt=\"\" width=\"261\" height=\"300\" \/><\/a><\/p>\n<p>&nbsp;<\/p>\n<p>N\u00fana \u00ed ma\u00ed munu \u00f6ll yngri landsli\u00f0 kvenna koma saman til \u00e6finga. \u00dej\u00e1lfarar li\u00f0anna hafa n\u00fa vali\u00f0 \u00fe\u00e1 leikmenn sem f\u00e1 t\u00e6kif\u00e6ri til a\u00f0 m\u00e6ta \u00e1 landsli\u00f0s\u00e6fingar og ver\u00f0ur spennandi a\u00f0 sj\u00e1 hvernig okkar stelpur standa sig \u00e1 \u00feessum \u00e6fingum.<br \/>\nVi\u00f0 FRAMarar erum stoltir af \u00fev\u00ed a\u00f0 eiga sex stelpur \u00ed \u00feessum landsli\u00f0um en \u00fe\u00e6r sem voru valdar fr\u00e1 FRAM a\u00f0 \u00feessu sinni eru:<\/p>\n<p>U 20 \u00e1ra landsli\u00f0 kvenna<\/p>\n<p>Harpa Maria Fri\u00f0geirsd\u00f3ttir\u00a0 \u00a0 \u00a0 \u00a0 \u00a0 \u00a0 \u00a0 \u00a0 \u00a0 FRAM<br \/>\nHei\u00f0r\u00fan D\u00eds Magn\u00fasd\u00f3ttir\u00a0 \u00a0 \u00a0 \u00a0 \u00a0 \u00a0 \u00a0 \u00a0 \u00a0 \u00a0 FRAM<br \/>\nLena Margr\u00e9t Valdimarsd\u00f3ttir\u00a0 \u00a0 \u00a0 \u00a0 \u00a0 \u00a0 \u00a0 FRAM<\/p>\n<p>&nbsp;<\/p>\n<p>U 18 \u00e1ra landsli\u00f0 kvenna<\/p>\n<p>Erna Gu\u00f0laug Gunnarsd\u00f3ttir\u00a0\u00a0\u00a0\u00a0\u00a0\u00a0\u00a0\u00a0\u00a0\u00a0\u00a0\u00a0\u00a0\u00a0 FRAM<br \/>\nHarpa Mar\u00eda Fri\u00f0geirsd\u00f3ttir\u00a0 \u00a0 \u00a0 \u00a0 \u00a0 \u00a0 \u00a0 \u00a0 \u00a0FRAM<br \/>\nJ\u00f3n\u00edna Hl\u00edn Hansd\u00f3ttir\u00a0 \u00a0 \u00a0 \u00a0 \u00a0 \u00a0 \u00a0 \u00a0 \u00a0 \u00a0 \u00a0 \u00a0 FRAM<br \/>\nLena Margr\u00e9t Valdimarsd\u00f3ttir\u00a0 \u00a0 \u00a0 \u00a0 \u00a0 \u00a0 \u00a0FRAM<br \/>\nDa\u00f0ey \u00c1sta H\u00e1lfd\u00e1nsd\u00f3ttir\u00a0\u00a0\u00a0\u00a0\u00a0\u00a0\u00a0\u00a0\u00a0\u00a0\u00a0\u00a0\u00a0\u00a0\u00a0\u00a0\u00a0 FRAM<\/p>\n<p>Gangi ykkur vel stelpur<\/p>\n<p>\u00c1FRAM FRAM<\/p>","protected":false},"excerpt":{"rendered":"<p>&nbsp; &nbsp; &nbsp; &nbsp; &nbsp; &nbsp; &nbsp; &nbsp; &nbsp; &nbsp; N\u00fana \u00ed ma\u00ed munu \u00f6ll yngri landsli\u00f0 kvenna koma saman til \u00e6finga. \u00dej\u00e1lfarar li\u00f0anna hafa n\u00fa vali\u00f0 \u00fe\u00e1 leikmenn sem [&hellip;]<\/p>","protected":false},"author":4,"featured_media":17573,"comment_status":"open","ping_status":"open","sticky":false,"template":"","format":"standard","meta":{"_monsterinsights_skip_tracking":false,"_monsterinsights_sitenote_active":false,"_monsterinsights_sitenote_note":"","_monsterinsights_sitenote_category":0,"_jetpack_memberships_contains_paid_content":false,"footnotes":""},"categories":[7,15,6],"tags":[],"class_list":["post-18188","post","type-post","status-publish","format-standard","has-post-thumbnail","hentry","category-yngri-flokkar","category-mfl-kvenna","category-handbolti"],"jetpack_sharing_enabled":true,"jetpack_featured_media_url":"https:\/\/fram.is\/wp-content\/uploads\/2018\/03\/Hei\u00f0r\u00fan-gegn-Fj\u00f6lni-vefur.jpg","_links":{"self":[{"href":"https:\/\/fram.is\/is\/wp-json\/wp\/v2\/posts\/18188","targetHints":{"allow":["GET"]}}],"collection":[{"href":"https:\/\/fram.is\/is\/wp-json\/wp\/v2\/posts"}],"about":[{"href":"https:\/\/fram.is\/is\/wp-json\/wp\/v2\/types\/post"}],"author":[{"embeddable":true,"href":"https:\/\/fram.is\/is\/wp-json\/wp\/v2\/users\/4"}],"replies":[{"embeddable":true,"href":"https:\/\/fram.is\/is\/wp-json\/wp\/v2\/comments?post=18188"}],"version-history":[{"count":0,"href":"https:\/\/fram.is\/is\/wp-json\/wp\/v2\/posts\/18188\/revisions"}],"wp:featuredmedia":[{"embeddable":true,"href":"https:\/\/fram.is\/is\/wp-json\/wp\/v2\/media\/17573"}],"wp:attachment":[{"href":"https:\/\/fram.is\/is\/wp-json\/wp\/v2\/media?parent=18188"}],"wp:term":[{"taxonomy":"category","embeddable":true,"href":"https:\/\/fram.is\/is\/wp-json\/wp\/v2\/categories?post=18188"},{"taxonomy":"post_tag","embeddable":true,"href":"https:\/\/fram.is\/is\/wp-json\/wp\/v2\/tags?post=18188"}],"curies":[{"name":"wp","href":"https:\/\/api.w.org\/{rel}","templated":true}]}}