{"id":18343,"date":"2018-05-24T12:58:01","date_gmt":"2018-05-24T12:58:01","guid":{"rendered":"http:\/\/fram.is\/?p=18343"},"modified":"2018-05-24T12:58:01","modified_gmt":"2018-05-24T12:58:01","slug":"david-stefan-reynisson-framlengir-vid-fram","status":"publish","type":"post","link":"https:\/\/fram.is\/is\/2018\/05\/24\/david-stefan-reynisson-framlengir-vid-fram\/","title":{"rendered":"Dav\u00ed\u00f0 Stef\u00e1n Reynisson framlengir vi\u00f0 FRAM"},"content":{"rendered":"<p><a href=\"http:\/\/fram.is\/is\/?attachment_id=18344\"><img fetchpriority=\"high\" decoding=\"async\" class=\"alignright size-medium wp-image-18344\" src=\"http:\/\/fram.is\/wp-content\/uploads\/2018\/05\/Dav\u00ed\u00f0-Stef\u00e1n-300x300.jpg\" alt=\"\" width=\"300\" height=\"300\" \/><\/a>Dav\u00ed\u00f0 Stef\u00e1n Reynisson hefur framlengt samning sinn vi\u00f0 FRAM til n\u00e6stu tveggja \u00e1ra.\u00a0 Dav\u00ed\u00f0 Stef\u00e1n kom til FRAM fr\u00e1 Haukum hausti\u00f0 2016 og hefur veri\u00f0 fastama\u00f0ur \u00ed meistaraflokki FRAM s\u00ed\u00f0an.<\/p>\n<p>Dav\u00ed\u00f0 leikur \u00ed st\u00f6\u00f0u l\u00ednumanns og hefur reynst okkur \u00ed FRAM vel \u00e1 \u00feeim t\u00edma sem hann hefur veri\u00f0 hj\u00e1 f\u00e9laginu.<br \/>\nVi\u00f0 FRAMarar f\u00f6gnum \u00fev\u00ed a\u00f0 hafa tryggt okkur krafta Dav\u00ed\u00f0 Stef\u00e1ns til n\u00e6stu tveggja \u00e1ra hi\u00f0 minnsta.<\/p>\n<p>Handknattleiksdeild FRAM<\/p>","protected":false},"excerpt":{"rendered":"<p>Dav\u00ed\u00f0 Stef\u00e1n Reynisson hefur framlengt samning sinn vi\u00f0 FRAM til n\u00e6stu tveggja \u00e1ra.\u00a0 Dav\u00ed\u00f0 Stef\u00e1n kom til FRAM fr\u00e1 Haukum hausti\u00f0 2016 og hefur veri\u00f0 fastama\u00f0ur \u00ed meistaraflokki FRAM s\u00ed\u00f0an. [&hellip;]<\/p>","protected":false},"author":4,"featured_media":18345,"comment_status":"open","ping_status":"open","sticky":false,"template":"","format":"standard","meta":{"_monsterinsights_skip_tracking":false,"_monsterinsights_sitenote_active":false,"_monsterinsights_sitenote_note":"","_monsterinsights_sitenote_category":0,"footnotes":""},"categories":[6,19],"tags":[],"class_list":["post-18343","post","type-post","status-publish","format-standard","has-post-thumbnail","hentry","category-handbolti","category-mfl-karla"],"jetpack_featured_media_url":"https:\/\/fram.is\/wp-content\/uploads\/2018\/05\/Dav\u00ed\u00f0-vefur.jpg","_links":{"self":[{"href":"https:\/\/fram.is\/is\/wp-json\/wp\/v2\/posts\/18343","targetHints":{"allow":["GET"]}}],"collection":[{"href":"https:\/\/fram.is\/is\/wp-json\/wp\/v2\/posts"}],"about":[{"href":"https:\/\/fram.is\/is\/wp-json\/wp\/v2\/types\/post"}],"author":[{"embeddable":true,"href":"https:\/\/fram.is\/is\/wp-json\/wp\/v2\/users\/4"}],"replies":[{"embeddable":true,"href":"https:\/\/fram.is\/is\/wp-json\/wp\/v2\/comments?post=18343"}],"version-history":[{"count":0,"href":"https:\/\/fram.is\/is\/wp-json\/wp\/v2\/posts\/18343\/revisions"}],"wp:featuredmedia":[{"embeddable":true,"href":"https:\/\/fram.is\/is\/wp-json\/wp\/v2\/media\/18345"}],"wp:attachment":[{"href":"https:\/\/fram.is\/is\/wp-json\/wp\/v2\/media?parent=18343"}],"wp:term":[{"taxonomy":"category","embeddable":true,"href":"https:\/\/fram.is\/is\/wp-json\/wp\/v2\/categories?post=18343"},{"taxonomy":"post_tag","embeddable":true,"href":"https:\/\/fram.is\/is\/wp-json\/wp\/v2\/tags?post=18343"}],"curies":[{"name":"wp","href":"https:\/\/api.w.org\/{rel}","templated":true}]}}