{"id":18347,"date":"2018-05-27T15:38:20","date_gmt":"2018-05-27T15:38:20","guid":{"rendered":"http:\/\/fram.is\/?p=18347"},"modified":"2018-05-27T15:38:20","modified_gmt":"2018-05-27T15:38:20","slug":"tvaer-fra-fram-i-lokahop-islands-fyrir-hm-u20","status":"publish","type":"post","link":"https:\/\/fram.is\/is\/2018\/05\/27\/tvaer-fra-fram-i-lokahop-islands-fyrir-hm-u20\/","title":{"rendered":"Tv\u00e6r fr\u00e1 FRAM \u00ed lokah\u00f3p \u00cdslands fyrir HM U20"},"content":{"rendered":"<p><a href=\"http:\/\/fram.is\/is\/2017\/12\/heidrun-og-lena-i-landslidshopi-islands-u20\/heidrun-dis-lidsmynd-2\/\"><img fetchpriority=\"high\" decoding=\"async\" class=\"alignright size-medium wp-image-16979\" src=\"http:\/\/fram.is\/wp-content\/uploads\/2017\/12\/Hei\u00f0r\u00fan-D\u00eds-li\u00f0smynd-300x300.jpg\" alt=\"\" width=\"300\" height=\"300\" \/><\/a><a href=\"http:\/\/fram.is\/is\/2017\/11\/fimm-fra-fram-i-aefingahopi-islands-u-20-kvenna\/lena-3\/\"><img decoding=\"async\" class=\"alignright size-medium wp-image-16791\" src=\"http:\/\/fram.is\/wp-content\/uploads\/2017\/11\/Lena-1-300x300.jpg\" alt=\"\" width=\"300\" height=\"300\" \/><\/a>Stef\u00e1n Arnarson og Hrafnhildur Sk\u00falad\u00f3ttir \u00fej\u00e1lfarar U-20 \u00e1ra landsli\u00f0s kvenna hafa vali\u00f0 \u00fe\u00e1 16 leikmenn sem taka \u00fe\u00e1tt \u00e1 HM \u00ed Ungverjalandi \u00ed sumar.<\/p>\n<p>Heimsmeistaram\u00f3ti\u00f0 fer fram \u00ed Debrecan \u00ed austurhluta Ungverjalands \u00ed byrjun j\u00fal\u00ed. Stelpurnar okkar eru \u00ed ri\u00f0li me\u00f0 R\u00fasslandi, S-K\u00f3reu, Sl\u00f3ven\u00edu, K\u00edna og Chile \u00ed m\u00f3tinu. Fj\u00f6gur efstu li\u00f0in \u00ed ri\u00f0linum komast \u00ed 16-li\u00f0a \u00farslit.<\/p>\n<p>Vi\u00f0 FRAMarar erum stoltir af \u00fev\u00ed a\u00f0 eiga tv\u00e6r stelpur \u00ed \u00feessu lokah\u00f3pi \u00cdslands en \u00fe\u00e6r sem voru valdar fr\u00e1 FRAM eru:<\/p>\n<p>Hei\u00f0r\u00fan D\u00eds Magn\u00fasd\u00f3ttir\u00a0\u00a0\u00a0\u00a0\u00a0\u00a0\u00a0\u00a0\u00a0\u00a0\u00a0\u00a0\u00a0\u00a0\u00a0\u00a0\u00a0\u00a0\u00a0\u00a0\u00a0\u00a0\u00a0\u00a0\u00a0\u00a0\u00a0 FRAM<br \/>\nLena Margr\u00e9t Valdimarsd\u00f3ttir\u00a0\u00a0\u00a0\u00a0\u00a0\u00a0\u00a0\u00a0\u00a0\u00a0\u00a0\u00a0\u00a0\u00a0\u00a0\u00a0\u00a0\u00a0\u00a0\u00a0 FRAM<\/p>\n<p>Gangi ykkur vel.<\/p>\n<p>\u00c1FRAM FRAM<\/p>","protected":false},"excerpt":{"rendered":"<p>Stef\u00e1n Arnarson og Hrafnhildur Sk\u00falad\u00f3ttir \u00fej\u00e1lfarar U-20 \u00e1ra landsli\u00f0s kvenna hafa vali\u00f0 \u00fe\u00e1 16 leikmenn sem taka \u00fe\u00e1tt \u00e1 HM \u00ed Ungverjalandi \u00ed sumar. Heimsmeistaram\u00f3ti\u00f0 fer fram \u00ed Debrecan \u00ed [&hellip;]<\/p>","protected":false},"author":4,"featured_media":16793,"comment_status":"open","ping_status":"open","sticky":false,"template":"","format":"standard","meta":{"_monsterinsights_skip_tracking":false,"_monsterinsights_sitenote_active":false,"_monsterinsights_sitenote_note":"","_monsterinsights_sitenote_category":0,"_jetpack_memberships_contains_paid_content":false,"footnotes":""},"categories":[7,6,15],"tags":[],"class_list":["post-18347","post","type-post","status-publish","format-standard","has-post-thumbnail","hentry","category-yngri-flokkar","category-handbolti","category-mfl-kvenna"],"jetpack_sharing_enabled":true,"jetpack_featured_media_url":"https:\/\/fram.is\/wp-content\/uploads\/2017\/11\/Lena-gegn-Fj\u00f6lni-vefur.jpg","_links":{"self":[{"href":"https:\/\/fram.is\/is\/wp-json\/wp\/v2\/posts\/18347","targetHints":{"allow":["GET"]}}],"collection":[{"href":"https:\/\/fram.is\/is\/wp-json\/wp\/v2\/posts"}],"about":[{"href":"https:\/\/fram.is\/is\/wp-json\/wp\/v2\/types\/post"}],"author":[{"embeddable":true,"href":"https:\/\/fram.is\/is\/wp-json\/wp\/v2\/users\/4"}],"replies":[{"embeddable":true,"href":"https:\/\/fram.is\/is\/wp-json\/wp\/v2\/comments?post=18347"}],"version-history":[{"count":0,"href":"https:\/\/fram.is\/is\/wp-json\/wp\/v2\/posts\/18347\/revisions"}],"wp:featuredmedia":[{"embeddable":true,"href":"https:\/\/fram.is\/is\/wp-json\/wp\/v2\/media\/16793"}],"wp:attachment":[{"href":"https:\/\/fram.is\/is\/wp-json\/wp\/v2\/media?parent=18347"}],"wp:term":[{"taxonomy":"category","embeddable":true,"href":"https:\/\/fram.is\/is\/wp-json\/wp\/v2\/categories?post=18347"},{"taxonomy":"post_tag","embeddable":true,"href":"https:\/\/fram.is\/is\/wp-json\/wp\/v2\/tags?post=18347"}],"curies":[{"name":"wp","href":"https:\/\/api.w.org\/{rel}","templated":true}]}}