{"id":18401,"date":"2018-05-25T16:41:33","date_gmt":"2018-05-25T16:41:33","guid":{"rendered":"http:\/\/fram.is\/?p=18401"},"modified":"2018-05-25T16:41:33","modified_gmt":"2018-05-25T16:41:33","slug":"thorgrimur-smari-skrifar-undir-nyjan-samning-vid-fram","status":"publish","type":"post","link":"https:\/\/fram.is\/is\/2018\/05\/25\/thorgrimur-smari-skrifar-undir-nyjan-samning-vid-fram\/","title":{"rendered":"\u00deorgr\u00edmur Sm\u00e1ri skrifar undir n\u00fdjan samning vi\u00f0 FRAM"},"content":{"rendered":"<p><a href=\"http:\/\/fram.is\/is\/?attachment_id=18403\"><img fetchpriority=\"high\" decoding=\"async\" class=\"alignright size-medium wp-image-18403\" src=\"http:\/\/fram.is\/wp-content\/uploads\/2018\/05\/Toggi-gegn-\u00cdBV-300x300.jpg\" alt=\"\" width=\"300\" height=\"300\" \/><\/a>Handknattleiksdeild FRAM og \u00deorgr\u00edmur Sm\u00e1ri \u00d3lafsson hafa skrifa\u00f0 undir n\u00fdjan tveggja \u00e1ra samning.\u00a0 Samningurinn gildi \u00fev\u00ed fyrir tv\u00f6 n\u00e6stu t\u00edmabil og erum vi\u00f0 FRAMarar gr\u00ed\u00f0arlega \u00e1n\u00e6g\u00f0ir me\u00f0 a\u00f0 hafa n\u00e1\u00f0 \u00feessum samningi vi\u00f0 \u00deorgr\u00edm Sm\u00e1ra.<\/p>\n<p>\u00deorgr\u00edmur Sm\u00e1ri kom til f\u00e9lagsins n\u00fana um \u00e1ram\u00f3t \u00e1 l\u00e1ni fr\u00e1 Aftureldingu. \u00c1\u00f0ur haf\u00f0i hann leiki\u00f0 \u00ed Noregi en \u00fea\u00f0an f\u00f3r hann fr\u00e1 okkur \u00ed FRAM eftir t\u00edmabili\u00f0 2015-2016.<\/p>\n<p>\u00deorgr\u00edmur er fj\u00f6lh\u00e6fur leikma\u00f0ur sem getur leysta allar st\u00f6\u00f0ur \u00fati \u00e1 vellinum \u00e1samt \u00fev\u00ed a\u00f0 vera \u00f6flugur varnarma\u00f0ur. \u00deorgr\u00edmur er g\u00f3\u00f0ur f\u00e9lagsma\u00f0ur og erum vi\u00f0 FRAMarar heppnir a\u00f0 hafa hann \u00ed okkar r\u00f6\u00f0um n\u00e6stu tv\u00f6 \u00e1rin hi\u00f0 minnsta.<\/p>\n<p>Handknattleiksdeild FRAM<\/p>","protected":false},"excerpt":{"rendered":"<p>Handknattleiksdeild FRAM og \u00deorgr\u00edmur Sm\u00e1ri \u00d3lafsson hafa skrifa\u00f0 undir n\u00fdjan tveggja \u00e1ra samning.\u00a0 Samningurinn gildi \u00fev\u00ed fyrir tv\u00f6 n\u00e6stu t\u00edmabil og erum vi\u00f0 FRAMarar gr\u00ed\u00f0arlega \u00e1n\u00e6g\u00f0ir me\u00f0 a\u00f0 hafa n\u00e1\u00f0 [&hellip;]<\/p>","protected":false},"author":4,"featured_media":18402,"comment_status":"open","ping_status":"open","sticky":false,"template":"","format":"standard","meta":{"_monsterinsights_skip_tracking":false,"_monsterinsights_sitenote_active":false,"_monsterinsights_sitenote_note":"","_monsterinsights_sitenote_category":0,"footnotes":""},"categories":[6,19],"tags":[],"class_list":["post-18401","post","type-post","status-publish","format-standard","has-post-thumbnail","hentry","category-handbolti","category-mfl-karla"],"jetpack_featured_media_url":"https:\/\/fram.is\/wp-content\/uploads\/2018\/05\/Toggi-gegn-Selfoss-vefur.jpg","_links":{"self":[{"href":"https:\/\/fram.is\/is\/wp-json\/wp\/v2\/posts\/18401","targetHints":{"allow":["GET"]}}],"collection":[{"href":"https:\/\/fram.is\/is\/wp-json\/wp\/v2\/posts"}],"about":[{"href":"https:\/\/fram.is\/is\/wp-json\/wp\/v2\/types\/post"}],"author":[{"embeddable":true,"href":"https:\/\/fram.is\/is\/wp-json\/wp\/v2\/users\/4"}],"replies":[{"embeddable":true,"href":"https:\/\/fram.is\/is\/wp-json\/wp\/v2\/comments?post=18401"}],"version-history":[{"count":0,"href":"https:\/\/fram.is\/is\/wp-json\/wp\/v2\/posts\/18401\/revisions"}],"wp:featuredmedia":[{"embeddable":true,"href":"https:\/\/fram.is\/is\/wp-json\/wp\/v2\/media\/18402"}],"wp:attachment":[{"href":"https:\/\/fram.is\/is\/wp-json\/wp\/v2\/media?parent=18401"}],"wp:term":[{"taxonomy":"category","embeddable":true,"href":"https:\/\/fram.is\/is\/wp-json\/wp\/v2\/categories?post=18401"},{"taxonomy":"post_tag","embeddable":true,"href":"https:\/\/fram.is\/is\/wp-json\/wp\/v2\/tags?post=18401"}],"curies":[{"name":"wp","href":"https:\/\/api.w.org\/{rel}","templated":true}]}}