{"id":18410,"date":"2018-05-28T15:00:46","date_gmt":"2018-05-28T15:00:46","guid":{"rendered":"http:\/\/fram.is\/?p=18410"},"modified":"2018-05-28T15:00:46","modified_gmt":"2018-05-28T15:00:46","slug":"sjo-fra-fram-i-haefileikamotun-hsi","status":"publish","type":"post","link":"https:\/\/fram.is\/is\/2018\/05\/28\/sjo-fra-fram-i-haefileikamotun-hsi\/","title":{"rendered":"Sj\u00f6 fr\u00e1 FRAM \u00ed H\u00e6fileikam\u00f3tun HS\u00cd"},"content":{"rendered":"<p><a href=\"http:\/\/fram.is\/is\/2017\/12\/elin-bjarnadottir-og-sara-xiao-valdar-i-haefileikamotun-hsi\/elin-bjarnadottir-rett\/\"><img fetchpriority=\"high\" decoding=\"async\" class=\"alignright size-medium wp-image-17013\" src=\"http:\/\/fram.is\/wp-content\/uploads\/2017\/12\/El\u00edn-Bjarnad\u00f3ttir-r\u00e9tt-225x300.jpg\" alt=\"\" width=\"225\" height=\"300\" \/><\/a><a href=\"http:\/\/fram.is\/is\/2017\/12\/elin-bjarnadottir-og-sara-xiao-valdar-i-haefileikamotun-hsi\/sara-xiao-rett\/\"><img decoding=\"async\" class=\"alignright size-medium wp-image-17012\" src=\"http:\/\/fram.is\/wp-content\/uploads\/2017\/12\/Sara-Xiao-r\u00e9tt-225x300.jpg\" alt=\"\" width=\"225\" height=\"300\" \/><\/a><a href=\"http:\/\/fram.is\/is\/2018\/05\/tinna-bjork-og-sigfus-arni-valinn-i-urvalslid-reykjavikur\/tinna-bjork-bergsdottir\/\"><img decoding=\"async\" class=\"alignright size-medium wp-image-18256\" src=\"http:\/\/fram.is\/wp-content\/uploads\/2018\/05\/Tinna-Bj\u00f6rk-Bergsd\u00f3ttir-200x300.jpg\" alt=\"\" width=\"200\" height=\"300\" \/><\/a><a href=\"http:\/\/fram.is\/is\/?attachment_id=18411\"><img loading=\"lazy\" decoding=\"async\" class=\"alignright size-medium wp-image-18411\" src=\"http:\/\/fram.is\/wp-content\/uploads\/2018\/05\/H\u00e6fileikam\u00f3tur-drengja-mars-2018.-300x205.jpg\" alt=\"\" width=\"300\" height=\"205\" \/><\/a>Handknattleikssamband \u00cdslands hefur vali\u00f0 h\u00f3pa sem koma saman \u00ed h\u00e6fileikam\u00f3tun HS\u00cd og Bl\u00e1a l\u00f3nsins \u00a0helgina 1.-3. j\u00fan\u00ed n.k.<br \/>\nH\u00f3parnir sem valdir hafa veri\u00f0 a\u00f0 \u00feessu sinni, samanstanda af piltum og st\u00falkum f\u00e6ddum 2004.<\/p>\n<p>\u00c6fingarnar fara fram \u00ed TM-h\u00f6llinni \u00ed Gar\u00f0ab\u00e6 undir stj\u00f3rn \u00cd\u00fer\u00f3ttastj\u00f3ra HS\u00cd, Einars Gu\u00f0mundssonar.<\/p>\n<p>Vi\u00f0 FRAMarar eigum sj\u00f6 leikmenn \u00ed \u00feessum \u00fartaksh\u00f3pi HS\u00cd en \u00feeir sem voru valdir fr\u00e1 FRAM a\u00f0 \u00feessu sinni eru:<br \/>\n&nbsp;<\/p>\n<p>&nbsp;<\/p>\n<p>&nbsp;<\/p>\n<p>&nbsp;<\/p>\n<p>El\u00edn Bjarnad\u00f3ttir\u00a0 \u00a0 \u00a0 \u00a0 \u00a0 \u00a0 \u00a0 \u00a0 \u00a0 \u00a0 \u00a0 \u00a0 \u00a0 \u00a0 \u00a0 \u00a0\u00a0\u00a0 Fram<br \/>\nSara Xiao\u00a0 \u00a0 \u00a0 \u00a0 \u00a0 \u00a0 \u00a0 \u00a0 \u00a0 \u00a0 \u00a0 \u00a0 \u00a0 \u00a0 \u00a0 \u00a0 \u00a0 \u00a0 \u00a0\u00a0\u00a0\u00a0\u00a0\u00a0 Fram<br \/>\nTinna Bergsd\u00f3ttir\u00a0 \u00a0 \u00a0 \u00a0 \u00a0 \u00a0 \u00a0 \u00a0 \u00a0 \u00a0 \u00a0 \u00a0 \u00a0 \u00a0\u00a0\u00a0\u00a0\u00a0 Fram<\/p>\n<p>Kjartan J\u00fal\u00edusson\u00a0\u00a0\u00a0\u00a0\u00a0\u00a0\u00a0\u00a0\u00a0\u00a0\u00a0\u00a0\u00a0\u00a0\u00a0\u00a0\u00a0\u00a0\u00a0\u00a0\u00a0\u00a0\u00a0\u00a0\u00a0\u00a0\u00a0\u00a0\u00a0\u00a0\u00a0\u00a0 Fram<br \/>\nSigf\u00fas \u00c1rni Gu\u00f0mundsson\u00a0\u00a0\u00a0\u00a0\u00a0\u00a0\u00a0\u00a0\u00a0\u00a0\u00a0\u00a0\u00a0\u00a0\u00a0\u00a0\u00a0 Fram<br \/>\nTorfi Halld\u00f3rsson\u00a0\u00a0\u00a0\u00a0\u00a0\u00a0\u00a0\u00a0\u00a0\u00a0\u00a0\u00a0\u00a0\u00a0\u00a0\u00a0\u00a0\u00a0\u00a0\u00a0\u00a0\u00a0\u00a0\u00a0\u00a0\u00a0\u00a0\u00a0\u00a0\u00a0\u00a0\u00a0 Fram<br \/>\nVeigar M\u00e1r Har\u00f0arson\u00a0\u00a0\u00a0\u00a0\u00a0\u00a0\u00a0\u00a0\u00a0\u00a0\u00a0\u00a0\u00a0\u00a0\u00a0\u00a0\u00a0\u00a0\u00a0\u00a0\u00a0\u00a0\u00a0 Fram<br \/>\nGangi ykkur vel.<\/p>\n<p>\u00c1FRAM FRAM<\/p>","protected":false},"excerpt":{"rendered":"<p>Handknattleikssamband \u00cdslands hefur vali\u00f0 h\u00f3pa sem koma saman \u00ed h\u00e6fileikam\u00f3tun HS\u00cd og Bl\u00e1a l\u00f3nsins \u00a0helgina 1.-3. j\u00fan\u00ed n.k. H\u00f3parnir sem valdir hafa veri\u00f0 a\u00f0 \u00feessu sinni, samanstanda af piltum og [&hellip;]<\/p>","protected":false},"author":4,"featured_media":18412,"comment_status":"open","ping_status":"open","sticky":false,"template":"","format":"standard","meta":{"_monsterinsights_skip_tracking":false,"_monsterinsights_sitenote_active":false,"_monsterinsights_sitenote_note":"","_monsterinsights_sitenote_category":0,"_jetpack_memberships_contains_paid_content":false,"footnotes":""},"categories":[7,6],"tags":[],"class_list":["post-18410","post","type-post","status-publish","format-standard","has-post-thumbnail","hentry","category-yngri-flokkar","category-handbolti"],"jetpack_sharing_enabled":true,"jetpack_featured_media_url":"https:\/\/fram.is\/wp-content\/uploads\/2018\/05\/H\u00e6fileikam\u00f3tur-drengja-mars-2018-vefur-scaled.jpg","_links":{"self":[{"href":"https:\/\/fram.is\/is\/wp-json\/wp\/v2\/posts\/18410","targetHints":{"allow":["GET"]}}],"collection":[{"href":"https:\/\/fram.is\/is\/wp-json\/wp\/v2\/posts"}],"about":[{"href":"https:\/\/fram.is\/is\/wp-json\/wp\/v2\/types\/post"}],"author":[{"embeddable":true,"href":"https:\/\/fram.is\/is\/wp-json\/wp\/v2\/users\/4"}],"replies":[{"embeddable":true,"href":"https:\/\/fram.is\/is\/wp-json\/wp\/v2\/comments?post=18410"}],"version-history":[{"count":0,"href":"https:\/\/fram.is\/is\/wp-json\/wp\/v2\/posts\/18410\/revisions"}],"wp:featuredmedia":[{"embeddable":true,"href":"https:\/\/fram.is\/is\/wp-json\/wp\/v2\/media\/18412"}],"wp:attachment":[{"href":"https:\/\/fram.is\/is\/wp-json\/wp\/v2\/media?parent=18410"}],"wp:term":[{"taxonomy":"category","embeddable":true,"href":"https:\/\/fram.is\/is\/wp-json\/wp\/v2\/categories?post=18410"},{"taxonomy":"post_tag","embeddable":true,"href":"https:\/\/fram.is\/is\/wp-json\/wp\/v2\/tags?post=18410"}],"curies":[{"name":"wp","href":"https:\/\/api.w.org\/{rel}","templated":true}]}}