{"id":18420,"date":"2018-05-29T08:57:39","date_gmt":"2018-05-29T08:57:39","guid":{"rendered":"http:\/\/fram.is\/?p=18420"},"modified":"2018-05-29T08:57:39","modified_gmt":"2018-05-29T08:57:39","slug":"vidurkenningar-a-lokahofi-hsi","status":"publish","type":"post","link":"https:\/\/fram.is\/is\/2018\/05\/29\/vidurkenningar-a-lokahofi-hsi\/","title":{"rendered":"Vi\u00f0urkenningar \u00e1 lokah\u00f3fi HS\u00cd"},"content":{"rendered":"<p><a href=\"http:\/\/fram.is\/is\/2018\/03\/thrjar-fra-fram-i-a-landslid-kvenna\/ragnheidur-juliusdottir-2\/\"><img fetchpriority=\"high\" decoding=\"async\" class=\"alignright size-medium wp-image-16986\" src=\"http:\/\/fram.is\/wp-content\/uploads\/2017\/12\/Ragnhei\u00f0ur-J\u00fal\u00edusd\u00f3ttir-300x300.jpg\" alt=\"\" width=\"300\" height=\"300\" \/><\/a><a href=\"http:\/\/fram.is\/is\/sigurbjorg-5\/\"><img decoding=\"async\" class=\"alignright size-medium wp-image-16988\" src=\"http:\/\/fram.is\/wp-content\/uploads\/2017\/12\/Sigurbj\u00f6rg-300x300.jpg\" alt=\"\" width=\"300\" height=\"300\" \/><\/a><a href=\"http:\/\/fram.is\/is\/gudrun-osk-lidsmynd\/\"><img decoding=\"async\" class=\"alignright size-medium wp-image-16978\" src=\"http:\/\/fram.is\/wp-content\/uploads\/2017\/12\/Gu\u00f0r\u00fan-\u00d3sk-li\u00f0smynd-300x300.jpg\" alt=\"\" width=\"300\" height=\"300\" \/><\/a>S.l. f\u00f6studag f\u00f3r fram lokah\u00f3f HS\u00cd \u00fear sem veittar voru vi\u00f0urkenningar fyrir handboltaveturinn sem kl\u00e1ra\u00f0ist fyrir stuttu.<\/p>\n<p>Fram f\u00e9kk \u00ferj\u00e1r vi\u00f0urkenningar en \u00e1samt \u00fev\u00ed voru Framarar tilnefndir til ver\u00f0launa \u00ed nokkrum flokkum.<\/p>\n<p>Vi\u00f0urkenningar sem Fram hlaut voru \u00feessar:<\/p>\n<p>Markah\u00e6sti leikma\u00f0ur Ol\u00eds deildar kvenna 2018: <strong>Ragnhei\u00f0ur J\u00fal\u00edusd\u00f3ttir<\/strong> \u2013 Fram me\u00f0 147 m\u00f6rk<\/p>\n<p>Besti s\u00f3knarma\u00f0ur Ol\u00eds deildar kvenna 2018: <strong>Sigurbj\u00f6rg J\u00f3hannsd\u00f3ttir<\/strong> &#8211; Fram<\/p>\n<p>Besti markma\u00f0ur Ol\u00eds deildar kvenna 2018: <strong>Gu\u00f0r\u00fan \u00d3sk Mar\u00edasd\u00f3ttir<\/strong> &#8211; Fram<\/p>\n<p>Til hamingju me\u00f0 \u00feetta.<\/p>\n<p>\u00c1fram Fram<\/p>","protected":false},"excerpt":{"rendered":"<p>S.l. f\u00f6studag f\u00f3r fram lokah\u00f3f HS\u00cd \u00fear sem veittar voru vi\u00f0urkenningar fyrir handboltaveturinn sem kl\u00e1ra\u00f0ist fyrir stuttu. Fram f\u00e9kk \u00ferj\u00e1r vi\u00f0urkenningar en \u00e1samt \u00fev\u00ed voru Framarar tilnefndir til ver\u00f0launa \u00ed [&hellip;]<\/p>","protected":false},"author":4,"featured_media":16628,"comment_status":"open","ping_status":"open","sticky":false,"template":"","format":"standard","meta":{"_monsterinsights_skip_tracking":false,"_monsterinsights_sitenote_active":false,"_monsterinsights_sitenote_note":"","_monsterinsights_sitenote_category":0,"_jetpack_memberships_contains_paid_content":false,"footnotes":""},"categories":[6,15,19],"tags":[],"class_list":["post-18420","post","type-post","status-publish","format-standard","has-post-thumbnail","hentry","category-handbolti","category-mfl-kvenna","category-mfl-karla"],"jetpack_sharing_enabled":true,"jetpack_featured_media_url":"https:\/\/fram.is\/wp-content\/uploads\/2017\/10\/Ragnheidur-vefur.jpg","_links":{"self":[{"href":"https:\/\/fram.is\/is\/wp-json\/wp\/v2\/posts\/18420","targetHints":{"allow":["GET"]}}],"collection":[{"href":"https:\/\/fram.is\/is\/wp-json\/wp\/v2\/posts"}],"about":[{"href":"https:\/\/fram.is\/is\/wp-json\/wp\/v2\/types\/post"}],"author":[{"embeddable":true,"href":"https:\/\/fram.is\/is\/wp-json\/wp\/v2\/users\/4"}],"replies":[{"embeddable":true,"href":"https:\/\/fram.is\/is\/wp-json\/wp\/v2\/comments?post=18420"}],"version-history":[{"count":0,"href":"https:\/\/fram.is\/is\/wp-json\/wp\/v2\/posts\/18420\/revisions"}],"wp:featuredmedia":[{"embeddable":true,"href":"https:\/\/fram.is\/is\/wp-json\/wp\/v2\/media\/16628"}],"wp:attachment":[{"href":"https:\/\/fram.is\/is\/wp-json\/wp\/v2\/media?parent=18420"}],"wp:term":[{"taxonomy":"category","embeddable":true,"href":"https:\/\/fram.is\/is\/wp-json\/wp\/v2\/categories?post=18420"},{"taxonomy":"post_tag","embeddable":true,"href":"https:\/\/fram.is\/is\/wp-json\/wp\/v2\/tags?post=18420"}],"curies":[{"name":"wp","href":"https:\/\/api.w.org\/{rel}","templated":true}]}}