{"id":18434,"date":"2018-05-31T00:04:17","date_gmt":"2018-05-31T00:04:17","guid":{"rendered":"http:\/\/fram.is\/?p=18434"},"modified":"2018-05-31T00:04:17","modified_gmt":"2018-05-31T00:04:17","slug":"enginn-pudursykur","status":"publish","type":"post","link":"https:\/\/fram.is\/is\/2018\/05\/31\/enginn-pudursykur\/","title":{"rendered":"Enginn p\u00fa\u00f0ursykur"},"content":{"rendered":"<p>Lengi vel haf\u00f0i f\u00f3tboltali\u00f0i\u00f0 Barcelona \u00fe\u00e1 s\u00e9rst\u00f6\u00f0u \u00ed f\u00f3tboltaheiminum a\u00f0 leikmenn \u00feess voru ekki me\u00f0 augl\u00fdsingu \u00e1 v\u00f6mbinni eins t\u00ed\u00f0ka\u00f0ist hj\u00e1 \u00f6\u00f0rum f\u00e9l\u00f6gum. Sk\u00fdringin var s\u00f6g\u00f0 s\u00fa a\u00f0 treyja f\u00e9lagsins v\u00e6ri mikilv\u00e6g t\u00e1knmynd fyrir Katal\u00f3n\u00edu alla og ekki m\u00e6tti leyfa kaupah\u00e9\u00f0num a\u00f0 saurga hana. En kap\u00edtalisminn l\u00e6tur ekki a\u00f0 s\u00e9r h\u00e6\u00f0a. Einhver sk\u00fankurinn \u00e1 marka\u00f0sdeild st\u00f3rli\u00f0sins l\u00e9t s\u00e9r koma \u00ed hug snj\u00f6ll fl\u00e9tta: fyrst var sett \u00f3keypis augl\u00fdsing fyrir Unicef framan \u00e1 bolinn \u2013 hver g\u00e6ti l\u00edka veri\u00f0 \u00e1 m\u00f3ti barnahj\u00e1lp Sameinu\u00f0u \u00fej\u00f3\u00f0anna? \u00deegar augl\u00fdsingin haf\u00f0i vanist var svo gl\u00e6purinn fullkomna\u00f0ur og arabafurstum \u00ed Katar selt augl\u00fdsingapl\u00e1ssi\u00f0 fyrir enn eina augl\u00fdsingaherfer\u00f0ina \u00fear sem ol\u00eduskrillj\u00f3nerarnir \u00feykjast vera g\u00f3\u00f0ir en eru svo bara vondir.<\/p>\n<p>\u00deetta Unicef-trikk er elsta brellan \u00ed b\u00f3kinni. Fyrir l\u00f6ngu s\u00ed\u00f0an, \u00e1\u00f0ur en f\u00f3tboltaheimurinn var or\u00f0inn jafngegns\u00fdr\u00f0ur af augl\u00fdsingaskrumi, kostunum og duldum \u00e1r\u00f3\u00f0ri og s\u00ed\u00f0ar var\u00f0, var\u00f0 enska deildarbikarkeppnin s\u00e9r \u00fat um kostunara\u00f0ila \u2013 og til a\u00f0 tryggja sig fyrir neikv\u00e6\u00f0ri umr\u00e6\u00f0u var sami\u00f0 vi\u00f0 hina bresku Mj\u00f3lkurdagsnefnd og keppt um Mj\u00f3lkurbikarinn. Hver getur veri\u00f0 \u00e1 m\u00f3ti \u00fev\u00ed a\u00f0 b\u00f6rn drekki mj\u00f3lk sem styrkir tennur og bein?<\/p>\n<p>\u00c1 \u00cdslandi fengum vi\u00f0 l\u00edka Mj\u00f3lkurbikar \u00e1 ofanver\u00f0um n\u00edunda \u00e1ratugnum. Keppnin um hann bau\u00f0 l\u00edka upp \u00e1 \u00fea\u00f0 ung\u00e6\u00f0ingslega gr\u00edn a\u00f0 sigurvegararnir slettu \u00far mj\u00f3lkurfernum hver yfir annan \u00ed leikslok. \u00dea\u00f0 var l\u00f6ngu \u00e1\u00f0ur en kl\u00e1mkynsl\u00f3\u00f0in var b\u00fain a\u00f0 planta hj\u00e1 okkur ranghugmyndum sem ger\u00f0i sl\u00edkt myndm\u00e1l \u00f3\u00fe\u00e6gilegt og fr\u00e1hrindandi.<\/p>\n<p>Og n\u00fana er aftur keppt um mj\u00f3lkurbikar. Nema \u00ed kv\u00f6ld afhj\u00fapa\u00f0i hann sig sem s\u00farmj\u00f3lkurbikar og p\u00fa\u00f0ursykurinn var b\u00fainn.<\/p>\n<p><a href=\"http:\/\/fram.is\/wp-content\/uploads\/2018\/05\/FRAM-V\u00edk-\u00d3.jpg\"><img fetchpriority=\"high\" decoding=\"async\" class=\"alignright size-medium wp-image-18430\" src=\"http:\/\/fram.is\/wp-content\/uploads\/2018\/05\/FRAM-V\u00edk-\u00d3-300x200.jpg\" alt=\"\" width=\"300\" height=\"200\" \/><\/a>Framarar m\u00e6ttu me\u00f0 breytt li\u00f0 fr\u00e1 ergilega tapinu gegn \u00de\u00f3r \u00e1 Akureyri \u00ed s\u00ed\u00f0asta deildarleik. Alex meiddist illa \u00ed leiknum og ver\u00f0ur fr\u00e1 \u00ed f\u00e1einar vikur. Fred byrja\u00f0i \u00e1 bekknum, enn\u00fe\u00e1 lemstra\u00f0ur eftir h\u00f6rkulega me\u00f0fer\u00f0 Nor\u00f0anmanna. Gl\u00f6ggir lesendur Framvefsins s\u00f6knu\u00f0u e.t.v. umfj\u00f6llunar um \u00feann leik, en fr\u00e9ttaritari s\u00ed\u00f0unnar f\u00f3r ekki nor\u00f0ur. Hann er kannski \u00e1 r\u00f3fi, en ekki snar. Auk \u00feess sem fj\u00f6lskyldub\u00edllinn er kominn \u00e1 sumardekk.<\/p>\n<p>Atli st\u00f3\u00f0 \u00ed markinu me\u00f0 \u00feriggja manna varnarl\u00ednuna Krist\u00f3fer Reyes, Hlyn Atla og Arn\u00f3r Da\u00f0a fyrir framan sig. Hei\u00f0ar \u00ed atinu aftast \u00e1 mi\u00f0junni, Mihaljo og M\u00e1r \u00c6gisson hvor \u00e1 s\u00ednum kanti, Orri og Tiago frammi \u00e1 mi\u00f0junni og Gu\u00f0mundur og Helgi fremstir. R\u00f6kr\u00e9tt uppstilling mi\u00f0a\u00f0 vi\u00f0 tilt\u00e6kt li\u00f0, en \u00fe\u00f3 vakti athygli a\u00f0 sj\u00e1 Unnar \u00e1 bekknum \u00fear sem hann hefur sta\u00f0i\u00f0 sig me\u00f0 pr\u00fd\u00f0i \u00ed sumar.<\/p>\n<p>Fyrstu tuttugu m\u00edn\u00faturnar voru t\u00ed\u00f0indalitlar og Framarar \u00e1 p\u00f6llunum skr\u00f6fu\u00f0u um daginn og veginn \u2013 \u00f6ndvegishamborgarana, sem steiktir voru af natni og krydda\u00f0ir me\u00f0 h\u00e1rn\u00e1kv\u00e6mum skammti af MSG. Heimaleikirnir \u00ed Safam\u00fdri ver\u00f0a s\u00edfellt heimilislegri, \u00fe\u00f3tt enn eigi eftir a\u00f0 upphugsa \u00fdmis t\u00e6knileg sm\u00e1atri\u00f0i \u2013 t.d. eins og hvort skynsamlegra v\u00e6ri a\u00f0 hafa mi\u00f0as\u00f6luna \u00ed a\u00f0alinngangnum \u00ed sta\u00f0 \u00feess a\u00f0 lei\u00f0a alla mi\u00f0akaupendur \u00ed gegnum hamborgarar\u00f6\u00f0ina o.s.frv.<\/p>\n<p>Sannast sagna voru gestirnir sterkari \u00e1 \u00feessum upphafskafla. Fr\u00f6murum t\u00f3kst ekki n\u00e6gilega vel a\u00f0 n\u00e1 upp spili og \u00fea\u00f0 var eins og grimmdina vanta\u00f0i hj\u00e1 sumum leikm\u00f6nnum. V\u00edkingar g\u00e1tu \u00e1 hinn b\u00f3ginn s\u00f3tt hratt upp v\u00f6llinn, en sk\u00f6pu\u00f0u s\u00e9r svo sem l\u00edti\u00f0.<\/p>\n<p>Um mi\u00f0jan fyrri h\u00e1lfleikinn virtust okkar menn \u00e6tla a\u00f0 finna r\u00e9tta taktinn og n\u00e1\u00f0u nokkrum b\u00e6rilegum s\u00f3knarlotum. \u00c1 32. m\u00edn\u00fatu komst Mihajlo upp a\u00f0 endam\u00f6rkum og sendi fyrir, en boltinn f\u00f3r beint \u00ed \u00fatr\u00e9tta h\u00f6nd eins \u00d3lsarans. D\u00f3marinn var \u00e1g\u00e6tlega sta\u00f0settur en s\u00e1 ekki \u00e1st\u00e6\u00f0u til a\u00f0 d\u00e6ma v\u00edti. Gestirnir sluppu \u00fev\u00ed vel. Ekki s\u00ed\u00f0asta \u00e1kv\u00f6r\u00f0un d\u00f3marans sem orka\u00f0i tv\u00edm\u00e6lis \u00ed leiknum.<\/p>\n<p>\u00deessi \u00e1g\u00e6ti kafli reyndist svikalogn, \u00fev\u00ed \u00e1 36. m\u00edn\u00fatu t\u00f3kst V\u00edkingum a\u00f0 prj\u00f3na sig vandr\u00e6\u00f0al\u00edti\u00f0 \u00ed gegnum v\u00f6rnina og skora au\u00f0veldlega, 0:1. Kr\u00f6ftug tveggjaf\u00f3tat\u00e6kling Hei\u00f0ars Geirs undir lok h\u00e1lfleiksins hef\u00f0i geta\u00f0 enda\u00f0 me\u00f0 rau\u00f0u spjaldi, en Egill Arnar d\u00f3mari l\u00e9t gult n\u00e6gja.<\/p>\n<p>Ekkert hef\u00f0bundi\u00f0 Framherjakaffi \u00ed leikhl\u00e9i. (Hef aldrei skili\u00f0 \u00feessa sk\u00fdru a\u00f0greiningu \u00e1 milli deildarleikja og bikarleikja \u2013 en er svo sem ekkert of g\u00f3\u00f0ur til a\u00f0 kaupa m\u00e9r kaffi og kleinu \u00ed \u00feessi f\u00e1einu skipti \u00e1 hverju sumri.) Framarar voru bara nokku\u00f0 brattir. Gestirnir kannski \u00edvi\u00f0 meira \u00f3gnandi, en \u00fe\u00f3 engin \u00e1st\u00e6\u00f0a til annars en a\u00f0 sn\u00faa \u00feessu vi\u00f0 \u00ed seinni h\u00e1lfleik.<\/p>\n<p>\u00c1 50. m\u00edn\u00fatu dr\u00f3 til t\u00ed\u00f0inda. Leikma\u00f0ur V\u00edkinga braut \u00e1 Gu\u00f0mundi og aukaspyrna var d\u00e6md. Eftir \u00fev\u00ed sem fr\u00e9ttaritari gat best greint (me\u00f0 hef\u00f0bundnum fyrirv\u00f6rum um a\u00f0 hann er h\u00e1lfger\u00f0ur vitleysingur og veit l\u00edti\u00f0 um f\u00f3tbolta) greip \u00d3lsarinn um andliti\u00f0 og l\u00e9t sem s\u00edn hinsta stund v\u00e6ri komi\u00f0. Virtist Gu\u00f0mundur hafa spyrnt fr\u00e1 s\u00e9r boltanum sem hraut framan \u00ed V\u00edkinginn sem sn\u00fdtti rau\u00f0u. D\u00f3marinn haf\u00f0i auglj\u00f3slega ekki teki\u00f0 eftir neinu og leit forvi\u00f0a \u00e1 a\u00f0sto\u00f0ard\u00f3marann sem haf\u00f0i ekkert s\u00e9\u00f0\u2026 en \u00far \u00fev\u00ed a\u00f0 V\u00edkingurinn l\u00e1 lengi og haf\u00f0i fengi\u00f0 bl\u00f3\u00f0nasir \u00e1kva\u00f0 Egill Arnar a\u00f0 gefa Gu\u00f0mundi gula spjaldi\u00f0. S\u00e9rkennileg \u00e1kv\u00f6r\u00f0un, \u00fev\u00ed \u00ed fyrsta lagi haf\u00f0i hann auglj\u00f3slega enga hugmynd um hva\u00f0 gerst hef\u00f0i og \u00ed \u00f6\u00f0ru lagi hef\u00f0i hann \u00e1tt a\u00f0 lyfta rau\u00f0a spjaldinu ef hann taldi a\u00f0 Gu\u00f0mundur hef\u00f0i sparka\u00f0 boltanum viljandi \u00ed andlit andst\u00e6\u00f0ingsins.<\/p>\n<p>Upp \u00far aukaspyrnunni barst boltinn \u00ed mi\u00f0jan v\u00edtateig \u00d3lsara, \u00fear sem Gu\u00f0mundur kom a\u00f0v\u00edfandi og bj\u00f3 sig undir a\u00f0 skalla \u2013 en f\u00e9kk olnbogaskot \u00ed andliti\u00f0. Ekkert d\u00e6mt og engin v\u00edtaspyrna. Nokkrum m\u00edn\u00fatum s\u00ed\u00f0ar kom Fred inn\u00e1 fyrir Helga, sem var langt fr\u00e1 s\u00ednu besta. Auglj\u00f3st var \u00fe\u00f3 a\u00f0 Fred gekk ekki heill til sk\u00f3gar og s\u00fdndi l\u00edti\u00f0 \u00ed leiknum.<\/p>\n<p>\u00deegar r\u00e9tt r\u00famur klukkut\u00edmi var li\u00f0inn af leiknum lentu Gu\u00f0mundur og Emir \u00ed li\u00f0i V\u00edkinga \u00ed h\u00f6rkusamstu\u00f0i \u00e1 mi\u00f0jum vallarhelmingi gestanna. Emir renndi s\u00e9r en Gu\u00f0mundur f\u00f3r standandi \u00ed t\u00e6klinguna og fr\u00e1 sj\u00f3narhorni okkar \u00ed st\u00fakunni var \u00fea\u00f0 s\u00e1 fyrrnefndi sem var brotlegur. B\u00e1\u00f0ir l\u00e1gu meiddir eftir og \u00feurftu a\u00f0hlynningu, \u00e1 me\u00f0an d\u00f3marinn tv\u00edst\u00e9, horf\u00f0i til beggja a\u00f0sto\u00f0ard\u00f3mara sinna en f\u00e9kk enga hj\u00e1lp \u00fea\u00f0an. A\u00f0 lokum \u00e1kva\u00f0 hann a\u00f0 d\u00e6ma Gu\u00f0mund brotlegan og lyfti gula spjaldinu \u00f6\u00f0ru sinni og \u00fear me\u00f0 \u00fev\u00ed rau\u00f0a. Emir, sem legi\u00f0 haf\u00f0i s\u00e1r\u00fej\u00e1\u00f0ur, f\u00e9kk skj\u00f3ta l\u00e6kningu meina sinna og gat sj\u00e1lfur teki\u00f0 aukaspyrnuna me\u00f0 meidda f\u00e6tinum og skoti\u00f0 yfir h\u00e1lfan v\u00f6llinn.<\/p>\n<p>Manni f\u00e6rri virtust Framarar slegnir \u00fat af laginu og V\u00edkingar fengu dau\u00f0af\u00e6ri \u00fear sem framherji \u00feeirra komst einn \u00e1 m\u00f3ti Atla markver\u00f0i sem var\u00f0i fr\u00e1b\u00e6rlega. Atli \u00e1tti raunar mj\u00f6g g\u00f3\u00f0an leik me\u00f0 \u00ferj\u00e1r mj\u00f6g g\u00f3\u00f0ar v\u00f6rslur, gat ekkert gert a\u00f0 markinu en \u00e1tti a\u00f0 \u00f6\u00f0ru leyti frekar n\u00e1\u00f0ugan dag. Tveimur m\u00edn\u00fatum s\u00ed\u00f0ar skapa\u00f0ist aftur st\u00f3rh\u00e6tta, en Arn\u00f3r Da\u00f0i bjarga\u00f0i andliti Fram me\u00f0 s\u00ednu eigin andliti \u2013 setti hausinn fyrir skot eins \u00d3lsarans \u00far dau\u00f0af\u00e6ri. Arn\u00f3r Da\u00f0i \u00e1tti annars mj\u00f6g g\u00f3\u00f0an leik \u00ed kv\u00f6ld og var m\u00f6gulega bestur okkar manna \u2013 einkum eftir a\u00f0 Gu\u00f0mundur f\u00f3r af velli.<\/p>\n<p>\u00c1 75. m\u00edn\u00fatu var enn eitt umdeilt atvik. Orri virtist sloppinn \u00ed gegnum V\u00edkingsv\u00f6rnina, en Vignir Sn\u00e6r \u00ed V\u00edkingsli\u00f0inu t\u00f3k hann ni\u00f0ur. Fr\u00e1 sj\u00f3narhorni fr\u00e9ttaritara var \u00feetta reyndar l\u00f6gleg og fantag\u00f3\u00f0 t\u00e6kling. D\u00f3marinn flauta\u00f0i hins vegar aukaspyrnu, sem hef\u00f0i alltaf \u00e1tt a\u00f0 \u00fe\u00fd\u00f0a rautt spjald \u2013 en einhverra hluta vegna l\u00e9t hann gult spjald n\u00e6gja.<\/p>\n<p>\u00c1 s\u00ed\u00f0ustu t\u00edu m\u00edn\u00fatunum f\u00f3r M\u00e1r, sem \u00e1tti f\u00ednan leik, \u00fataf fyrir Sigur\u00f0 \u00der\u00e1inn sem gaman var a\u00f0 sj\u00e1 aftur \u2013 og n\u00fa \u00ed \u00f3v\u00e6ntri st\u00f6\u00f0u sem framherja s\u00ed\u00f0ustu m\u00edn\u00faturnar. S\u00fa sta\u00f0a var \u00fe\u00f3 kannski fremur til marks um hva\u00f0 bekkurinn okkar er \u00feunnskipa\u00f0ur en a\u00f0 Siggi s\u00e9 n\u00e6stfyrsti kostur \u00ed senterinn. Krist\u00f3fer skipti svo vi\u00f0 Mikael undir lokin.<\/p>\n<p>Lokam\u00edn\u00faturnar bu\u00f0u annars upp \u00e1 mikla dramat\u00edk. Vitleysisgangur \u00ed v\u00f6rninni gaf V\u00edkingum dau\u00f0af\u00e6ri, en Atli var vel \u00e1 ver\u00f0i. Sk\u00f6mmu s\u00ed\u00f0ar \u00e1tti Orri gott skot en r\u00e9tt framhj\u00e1 markinu. D\u00f3marinn veifa\u00f0i seinna gula spjaldinu \u00e1 V\u00edkinginn Vigni fyrir s\u00e1ralitlar sakir og n\u00e1\u00f0i \u00feannig tveimur rau\u00f0um og fimm gulum spj\u00f6ldum \u00ed leik sem var a\u00f0 mestu pr\u00fa\u00f0mannlega leikinn og \u00fev\u00ed algj\u00f6r \u00f3\u00fearfi a\u00f0 missa \u00ed einhverja vitleysu.<\/p>\n<p>Til a\u00f0 fullkomna dramat\u00edkina kom svo upp vafaatri\u00f0i \u00e1 fimmtu m\u00edn\u00fatu uppb\u00f3tart\u00edma \u00fear sem V\u00edkingum mist\u00f3kst me\u00f0 f\u00e1d\u00e6ma aulagangi a\u00f0 hreinsa fr\u00e1 marki s\u00ednu og velflestum Fr\u00f6murum s\u00fdndist \u00feeir hafa skora\u00f0 aulalegt sj\u00e1lfmark. D\u00f3mari og l\u00ednuv\u00f6r\u00f0ur voru hins vegar \u00e1 \u00f6\u00f0ru m\u00e1li og hlj\u00f3tum vi\u00f0 a\u00f0 gera r\u00e1\u00f0 fyrir \u00fev\u00ed a\u00f0 \u00fea\u00f0 hafi veri\u00f0 r\u00e9tt ni\u00f0ursta\u00f0a.<\/p>\n<p>G\u00f3\u00f0u fr\u00e9ttir kv\u00f6ldsins eru sem sagt \u00feessar: bar\u00e1ttan fyrir a\u00f0 Fram leiki sem f\u00e6sta leiki \u00e1 Laugardalsvelli \u00ed sumar gengur vel. \u00cd kv\u00f6ld t\u00f3kst okkur a.m.k. a\u00f0 losna vi\u00f0 bikar\u00farslitaleikinn. L\u00edtill fugl hefur l\u00edka hv\u00edsla\u00f0 \u00fev\u00ed a\u00f0 leyfiskerfi UEFA s\u00e9 jafnvel enn st\u00edfara en leyfiskerfi KS\u00cd svo a\u00f0 vi\u00f0 hef\u00f0um aldrei fengi\u00f0 a\u00f0 spila \u00ed Evr\u00f3pudeildinni \u00ed Safam\u00fdri. Vondu fr\u00e9ttirnar eru \u00fe\u00e6r a\u00f0 \u00fer\u00e1tt fyrir h\u00e6pna \u00farskur\u00f0i d\u00f3marans \u00ed kv\u00f6ld, \u00fe\u00e1 getum vi\u00f0 ekki kennt honum um \u00farslitin. \u00d3lsarar voru sterkari og okkar menn ekki eins grimmir og \u00fearf. N\u00e6sta verkefni: mala Skagamenn \u00e1 sunnudaginn. \u00dear ver\u00f0ur Gu\u00f0mundur me\u00f0, \u00fe\u00f6kk s\u00e9 hinum asnalegu reglum KS\u00cd um a\u00f0 spj\u00f6ld \u00ed bikarkeppni telji ekki \u00ed deild.<\/p>\n<p>Stef\u00e1n P\u00e1lsson<\/p>","protected":false},"excerpt":{"rendered":"<p>Lengi vel haf\u00f0i f\u00f3tboltali\u00f0i\u00f0 Barcelona \u00fe\u00e1 s\u00e9rst\u00f6\u00f0u \u00ed f\u00f3tboltaheiminum a\u00f0 leikmenn \u00feess voru ekki me\u00f0 augl\u00fdsingu \u00e1 v\u00f6mbinni eins t\u00ed\u00f0ka\u00f0ist hj\u00e1 \u00f6\u00f0rum f\u00e9l\u00f6gum. Sk\u00fdringin var s\u00f6g\u00f0 s\u00fa a\u00f0 treyja f\u00e9lagsins [&hellip;]<\/p>","protected":false},"author":6,"featured_media":18431,"comment_status":"open","ping_status":"open","sticky":false,"template":"","format":"standard","meta":{"_monsterinsights_skip_tracking":false,"_monsterinsights_sitenote_active":false,"_monsterinsights_sitenote_note":"","_monsterinsights_sitenote_category":0,"_jetpack_memberships_contains_paid_content":false,"footnotes":""},"categories":[11,10,9,20],"tags":[],"class_list":["post-18434","post","type-post","status-publish","format-standard","has-post-thumbnail","hentry","category-mflkarla","category-frettir","category-fotbolti","category-framiceland"],"jetpack_sharing_enabled":true,"jetpack_featured_media_url":"https:\/\/fram.is\/wp-content\/uploads\/2018\/05\/FRAM-vik-O-vefur-scaled.jpg","_links":{"self":[{"href":"https:\/\/fram.is\/is\/wp-json\/wp\/v2\/posts\/18434","targetHints":{"allow":["GET"]}}],"collection":[{"href":"https:\/\/fram.is\/is\/wp-json\/wp\/v2\/posts"}],"about":[{"href":"https:\/\/fram.is\/is\/wp-json\/wp\/v2\/types\/post"}],"author":[{"embeddable":true,"href":"https:\/\/fram.is\/is\/wp-json\/wp\/v2\/users\/6"}],"replies":[{"embeddable":true,"href":"https:\/\/fram.is\/is\/wp-json\/wp\/v2\/comments?post=18434"}],"version-history":[{"count":0,"href":"https:\/\/fram.is\/is\/wp-json\/wp\/v2\/posts\/18434\/revisions"}],"wp:featuredmedia":[{"embeddable":true,"href":"https:\/\/fram.is\/is\/wp-json\/wp\/v2\/media\/18431"}],"wp:attachment":[{"href":"https:\/\/fram.is\/is\/wp-json\/wp\/v2\/media?parent=18434"}],"wp:term":[{"taxonomy":"category","embeddable":true,"href":"https:\/\/fram.is\/is\/wp-json\/wp\/v2\/categories?post=18434"},{"taxonomy":"post_tag","embeddable":true,"href":"https:\/\/fram.is\/is\/wp-json\/wp\/v2\/tags?post=18434"}],"curies":[{"name":"wp","href":"https:\/\/api.w.org\/{rel}","templated":true}]}}