{"id":18440,"date":"2018-05-31T09:57:46","date_gmt":"2018-05-31T09:57:46","guid":{"rendered":"http:\/\/fram.is\/?p=18440"},"modified":"2018-05-31T09:57:46","modified_gmt":"2018-05-31T09:57:46","slug":"yfirlysing-fra-knattspyrnufelaginu-fram","status":"publish","type":"post","link":"https:\/\/fram.is\/is\/2018\/05\/31\/yfirlysing-fra-knattspyrnufelaginu-fram\/","title":{"rendered":"Yfirl\u00fdsing fr\u00e1 Knattspyrnuf\u00e9laginu FRAM"},"content":{"rendered":"<p><a href=\"http:\/\/fram.is\/is\/2018\/05\/best-i-donsku\/img_6835\/\"><img fetchpriority=\"high\" decoding=\"async\" class=\"alignright size-large wp-image-18286\" src=\"http:\/\/fram.is\/wp-content\/uploads\/2018\/05\/IMG_6835-1024x683.jpg\" alt=\"\" width=\"460\" height=\"307\" srcset=\"https:\/\/fram.is\/wp-content\/uploads\/2018\/05\/IMG_6835-1024x683.jpg 1024w, https:\/\/fram.is\/wp-content\/uploads\/2018\/05\/IMG_6835-scaled-800x533.jpg 800w, https:\/\/fram.is\/wp-content\/uploads\/2018\/05\/IMG_6835-300x200.jpg 300w, https:\/\/fram.is\/wp-content\/uploads\/2018\/05\/IMG_6835-768x512.jpg 768w, https:\/\/fram.is\/wp-content\/uploads\/2018\/05\/IMG_6835-1536x1024.jpg 1536w, https:\/\/fram.is\/wp-content\/uploads\/2018\/05\/IMG_6835-2048x1365.jpg 2048w\" sizes=\"(max-width: 460px) 100vw, 460px\" \/><\/a>Var\u00f0andi umfj\u00f6llun og \u00e1sakanir um kyn\u00fe\u00e1ttaford\u00f3ma \u00ed gar\u00f0 leikmanna Vikings fr\u00e1 \u00d3lafsv\u00edk, \u00a0vill Knattspyrnuf\u00e9lagi\u00f0 FRAM taka \u00fea\u00f0 sk\u00fdrt fram a\u00f0 f\u00e9lagi\u00f0 ford\u00e6mir algj\u00f6rlega sl\u00edk ath\u00e6fi.<\/p>\n<p>Vi\u00f0 t\u00f6kum sl\u00edkar \u00e1sakanir mj\u00f6g alvarlega og munum n\u00fa \u00ed kj\u00f6lfari\u00f0 kanna \u00feetta til hl\u00fdtar og gera vi\u00f0eigandi r\u00e1\u00f0stafanir.<\/p>\n<p>Vir\u00f0ingarfyllst<\/p>\n<p>f.h Knattspyrnuf\u00e9lagsins FRAM<br \/>\nL\u00fa\u00f0v\u00edk \u00deorgeirsson<br \/>\nframkv\u00e6mdastj\u00f3ri<\/p>","protected":false},"excerpt":{"rendered":"<p>Var\u00f0andi umfj\u00f6llun og \u00e1sakanir um kyn\u00fe\u00e1ttaford\u00f3ma \u00ed gar\u00f0 leikmanna Vikings fr\u00e1 \u00d3lafsv\u00edk, \u00a0vill Knattspyrnuf\u00e9lagi\u00f0 FRAM taka \u00fea\u00f0 sk\u00fdrt fram a\u00f0 f\u00e9lagi\u00f0 ford\u00e6mir algj\u00f6rlega sl\u00edk ath\u00e6fi. Vi\u00f0 t\u00f6kum sl\u00edkar \u00e1sakanir mj\u00f6g [&hellip;]<\/p>","protected":false},"author":4,"featured_media":18286,"comment_status":"open","ping_status":"open","sticky":false,"template":"","format":"standard","meta":{"_monsterinsights_skip_tracking":false,"_monsterinsights_sitenote_active":false,"_monsterinsights_sitenote_note":"","_monsterinsights_sitenote_category":0,"_jetpack_memberships_contains_paid_content":false,"footnotes":""},"categories":[8,11,10,9],"tags":[],"class_list":["post-18440","post","type-post","status-publish","format-standard","has-post-thumbnail","hentry","category-adalstjorn","category-mflkarla","category-frettir","category-fotbolti"],"jetpack_sharing_enabled":true,"jetpack_featured_media_url":"https:\/\/fram.is\/wp-content\/uploads\/2018\/05\/IMG_6835-scaled.jpg","_links":{"self":[{"href":"https:\/\/fram.is\/is\/wp-json\/wp\/v2\/posts\/18440","targetHints":{"allow":["GET"]}}],"collection":[{"href":"https:\/\/fram.is\/is\/wp-json\/wp\/v2\/posts"}],"about":[{"href":"https:\/\/fram.is\/is\/wp-json\/wp\/v2\/types\/post"}],"author":[{"embeddable":true,"href":"https:\/\/fram.is\/is\/wp-json\/wp\/v2\/users\/4"}],"replies":[{"embeddable":true,"href":"https:\/\/fram.is\/is\/wp-json\/wp\/v2\/comments?post=18440"}],"version-history":[{"count":0,"href":"https:\/\/fram.is\/is\/wp-json\/wp\/v2\/posts\/18440\/revisions"}],"wp:featuredmedia":[{"embeddable":true,"href":"https:\/\/fram.is\/is\/wp-json\/wp\/v2\/media\/18286"}],"wp:attachment":[{"href":"https:\/\/fram.is\/is\/wp-json\/wp\/v2\/media?parent=18440"}],"wp:term":[{"taxonomy":"category","embeddable":true,"href":"https:\/\/fram.is\/is\/wp-json\/wp\/v2\/categories?post=18440"},{"taxonomy":"post_tag","embeddable":true,"href":"https:\/\/fram.is\/is\/wp-json\/wp\/v2\/tags?post=18440"}],"curies":[{"name":"wp","href":"https:\/\/api.w.org\/{rel}","templated":true}]}}