{"id":18482,"date":"2018-06-07T14:54:37","date_gmt":"2018-06-07T14:54:37","guid":{"rendered":"http:\/\/fram.is\/?p=18482"},"modified":"2018-06-07T14:54:37","modified_gmt":"2018-06-07T14:54:37","slug":"fjorar-efnilegar-framlengja-samninga-sina-vid-fram-i-handbolta","status":"publish","type":"post","link":"https:\/\/fram.is\/is\/2018\/06\/07\/fjorar-efnilegar-framlengja-samninga-sina-vid-fram-i-handbolta\/","title":{"rendered":"Fj\u00f3rar efnilegar framlengja samninga s\u00edna vi\u00f0 FRAM \u00ed handbolta"},"content":{"rendered":"<p><strong><a href=\"http:\/\/fram.is\/is\/2017\/11\/fimm-fra-fram-i-aefingahopi-islands-u-20-kvenna\/lena-3\/\"><img fetchpriority=\"high\" decoding=\"async\" class=\"alignright size-medium wp-image-16791\" src=\"http:\/\/fram.is\/wp-content\/uploads\/2017\/11\/Lena-1-300x300.jpg\" alt=\"\" width=\"300\" height=\"300\" \/><\/a><a href=\"http:\/\/fram.is\/is\/?attachment_id=16987\"><img decoding=\"async\" class=\"alignright size-medium wp-image-16987\" src=\"http:\/\/fram.is\/wp-content\/uploads\/2017\/12\/Ragnhei\u00f0ur-\u00d3sk-li\u00f0smynd-300x300.jpg\" alt=\"\" width=\"300\" height=\"300\" \/><\/a><a href=\"http:\/\/fram.is\/is\/2017\/11\/fimm-fra-fram-i-aefingahopi-islands-u-20-kvenna\/svala-julia-3\/\"><img decoding=\"async\" class=\"alignright size-medium wp-image-16792\" src=\"http:\/\/fram.is\/wp-content\/uploads\/2017\/11\/Svala-J\u00fal\u00eda-300x300.jpg\" alt=\"\" width=\"300\" height=\"300\" \/><\/a><a href=\"http:\/\/fram.is\/is\/2017\/12\/thrjar-fra-fram-i-landslidshopi-islands-u18\/erna-gulla-lidsmynd-2\/\"><img loading=\"lazy\" decoding=\"async\" class=\"alignright size-medium wp-image-16976\" src=\"http:\/\/fram.is\/wp-content\/uploads\/2017\/12\/Erna-Gulla-li\u00f0smynd-300x300.jpg\" alt=\"\" width=\"300\" height=\"300\" \/><\/a>Handknattleiksdeild Fram hefur \u00e1 s\u00ed\u00f0ustu vikum veri\u00f0 a\u00f0 endurn\u00fdja samninga vi\u00f0 yngri leikmenn meistaraflokks kvenna.<\/strong><\/p>\n<p><strong>Gengi\u00f0 hefur veri\u00f0 fr\u00e1 n\u00fdjum samningum vi\u00f0 eftirtalda leikmenn.<\/strong><\/p>\n<p><strong><u>Lenu Margr\u00e9ti Valdimarsd\u00f3ttir.<br \/>\n<\/u><\/strong><strong>Lena Margr\u00e9t er f\u00e6dd \u00e1ri\u00f0 2000 og ver\u00f0ur \u00fev\u00ed 18 \u00e1ra \u00e1 \u00feessu \u00e1ri.\u00a0 H\u00fan leikur \u00ed st\u00f6\u00f0u h\u00e6gri skyttu og e\u00f0a \u00ed h\u00e6gra horni.<\/strong><\/p>\n<p><strong><u>Ragnhei\u00f0ur \u00d3sk Ingvarsd\u00f3ttir.<br \/>\n<\/u><\/strong><strong>Ragnhei\u00f0ur \u00d3sk er f\u00e6dd \u00e1ri\u00f0 1999 og ver\u00f0ur \u00fev\u00ed 19 \u00e1ra \u00e1 \u00feessu \u00e1ri.\u00a0 H\u00fan leikur \u00ed st\u00f6\u00f0u vinstri skyttu og \u00e1 mi\u00f0ju.<\/strong><\/p>\n<p><strong><u>Svala J\u00fal\u00eda Gunnarsd\u00f3ttir.<br \/>\n<\/u><\/strong><strong>Svala J\u00fal\u00eda er f\u00e6dd \u00e1ri\u00f0 1999 og ver\u00f0ur \u00fev\u00ed 19 \u00e1ra \u00e1 \u00feessu \u00e1ri.\u00a0 H\u00fan leikur \u00ed st\u00f6\u00f0u l\u00ednumanns \u00e1samt \u00fev\u00ed a\u00f0 vera \u00f6flugur varnarma\u00f0ur<\/strong><\/p>\n<p><strong><u>Erna Gu\u00f0laug Gunnarsd\u00f3ttir.<br \/>\n<\/u><\/strong><strong>Erna Gu\u00f0laug er f\u00e6dd \u00e1ri\u00f0 2000 og ver\u00f0ur \u00fev\u00ed 18 \u00e1ra \u00e1 \u00feessu \u00e1ri.\u00a0 H\u00fan hefur a\u00f0allega leiki\u00f0 \u00ed vinstra horni en hefur undanfari\u00f0 f\u00e6rt sig meira yfir \u00e1 mi\u00f0juna.<\/strong><\/p>\n<p><strong>\u00deessir n\u00fdju samningar eru allir til tveggja \u00e1ra.<\/strong><\/p>\n<p><strong>Allt eru \u00feetta stelpur sem eru uppaldar \u00ed Fram og hafa leiki\u00f0 \u00fear upp yngri flokka.\u00a0 \u00de\u00e6r l\u00e9ku allar st\u00f3r hlutverk \u00ed 3. flokki kvenna s.l. vetur, en flokkurinn vann allt sem h\u00e6gt var a\u00f0 vinna.\u00a0 Bikarmeistarar, deildarmeistarar og \u00cdslandsmeistarar.<\/strong><\/p>\n<p><strong>\u00deessar stelpur hafa allar meira og minna veri\u00f0 \u00ed yngri landsli\u00f0um \u00cdslands \u00ed gegnum t\u00ed\u00f0ina.<\/strong><\/p>\n<p><strong>\u00dea\u00f0 er mikilv\u00e6gt fyrir Fram a\u00f0 geta ali\u00f0 upp s\u00edna leikmenn og vonandi byggt \u00e1 \u00feeim \u00ed framt\u00ed\u00f0inni.<\/strong><\/p>\n<p><strong>Til hamingju me\u00f0 \u00feetta stelpur og til hamingju me\u00f0 \u00feetta Fram.<\/strong><\/p>\n<p>&nbsp;<\/p>","protected":false},"excerpt":{"rendered":"<p>Handknattleiksdeild Fram hefur \u00e1 s\u00ed\u00f0ustu vikum veri\u00f0 a\u00f0 endurn\u00fdja samninga vi\u00f0 yngri leikmenn meistaraflokks kvenna. Gengi\u00f0 hefur veri\u00f0 fr\u00e1 n\u00fdjum samningum vi\u00f0 eftirtalda leikmenn. Lenu Margr\u00e9ti Valdimarsd\u00f3ttir. Lena Margr\u00e9t er [&hellip;]<\/p>","protected":false},"author":4,"featured_media":16793,"comment_status":"open","ping_status":"open","sticky":false,"template":"","format":"standard","meta":{"_monsterinsights_skip_tracking":false,"_monsterinsights_sitenote_active":false,"_monsterinsights_sitenote_note":"","_monsterinsights_sitenote_category":0,"_jetpack_memberships_contains_paid_content":false,"footnotes":""},"categories":[7,6,19],"tags":[],"class_list":["post-18482","post","type-post","status-publish","format-standard","has-post-thumbnail","hentry","category-yngri-flokkar","category-handbolti","category-mfl-karla"],"jetpack_sharing_enabled":true,"jetpack_featured_media_url":"https:\/\/fram.is\/wp-content\/uploads\/2017\/11\/Lena-gegn-Fj\u00f6lni-vefur.jpg","_links":{"self":[{"href":"https:\/\/fram.is\/is\/wp-json\/wp\/v2\/posts\/18482","targetHints":{"allow":["GET"]}}],"collection":[{"href":"https:\/\/fram.is\/is\/wp-json\/wp\/v2\/posts"}],"about":[{"href":"https:\/\/fram.is\/is\/wp-json\/wp\/v2\/types\/post"}],"author":[{"embeddable":true,"href":"https:\/\/fram.is\/is\/wp-json\/wp\/v2\/users\/4"}],"replies":[{"embeddable":true,"href":"https:\/\/fram.is\/is\/wp-json\/wp\/v2\/comments?post=18482"}],"version-history":[{"count":0,"href":"https:\/\/fram.is\/is\/wp-json\/wp\/v2\/posts\/18482\/revisions"}],"wp:featuredmedia":[{"embeddable":true,"href":"https:\/\/fram.is\/is\/wp-json\/wp\/v2\/media\/16793"}],"wp:attachment":[{"href":"https:\/\/fram.is\/is\/wp-json\/wp\/v2\/media?parent=18482"}],"wp:term":[{"taxonomy":"category","embeddable":true,"href":"https:\/\/fram.is\/is\/wp-json\/wp\/v2\/categories?post=18482"},{"taxonomy":"post_tag","embeddable":true,"href":"https:\/\/fram.is\/is\/wp-json\/wp\/v2\/tags?post=18482"}],"curies":[{"name":"wp","href":"https:\/\/api.w.org\/{rel}","templated":true}]}}