{"id":18489,"date":"2018-06-08T23:27:41","date_gmt":"2018-06-08T23:27:41","guid":{"rendered":"http:\/\/fram.is\/?p=18489"},"modified":"2018-06-08T23:27:41","modified_gmt":"2018-06-08T23:27:41","slug":"strit-umfram-vit","status":"publish","type":"post","link":"https:\/\/fram.is\/is\/2018\/06\/08\/strit-umfram-vit\/","title":{"rendered":"Strit umfram vit"},"content":{"rendered":"<p><em><a href=\"http:\/\/fram.is\/is\/?attachment_id=18491\"><img fetchpriority=\"high\" decoding=\"async\" class=\"alignright size-large wp-image-18491\" src=\"http:\/\/fram.is\/wp-content\/uploads\/2018\/06\/IMG_6978-1-1024x683.jpg\" alt=\"\" width=\"460\" height=\"307\" \/><\/a>Die protestantische Ethik und der Geist des Kapitalismus<\/em> eftir \u00fe\u00fdska f\u00e9lagsfr\u00e6\u00f0inginn Max Weber er eitt \u00e1hrifamesta verk \u00e1 svi\u00f0i stj\u00f3rnm\u00e1laheimspeki \u00e1 fyrri hluta tuttugustu aldar. \u00cd b\u00f3kinni leitast Weber vi\u00f0 a\u00f0 sk\u00fdra hvers vegna n\u00fat\u00edmakap\u00edtalsimi kom fram \u00ed Nor\u00f0ur-Evr\u00f3pu en ekki til a\u00f0 mynda sunnar \u00ed \u00e1lfunni. Tilg\u00e1ta hans er s\u00fa a\u00f0 \u00e1st\u00e6\u00f0urnar s\u00e9u tr\u00faarlegar. A\u00f0 vinnusi\u00f0fer\u00f0i m\u00f3tm\u00e6lenda hef\u00f0i skapa\u00f0 frj\u00f3rri jar\u00f0veg fyrir kap\u00edtal\u00edska marka\u00f0sh\u00e6tti.<\/p>\n<p>Pistlah\u00f6fundur Frams\u00ed\u00f0unnar er enginn KFUM-ma\u00f0ur og raunar kv\u00e6ntist hann \u00ed hei\u00f0inni ath\u00f6fn. En hann er \u00fe\u00f3 \u00f3neitanlega afur\u00f0 \u00feess f\u00e9lagslega umhverfi sem hann er sprottinn \u00far. 43 \u00e1ra saml\u00edf me\u00f0 l\u00faterskum vinnumaurum hl\u00fdtur a\u00f0 hafa m\u00f3tandi \u00e1hrif. \u00dea\u00f0 var \u00feess vegna sem greinarh\u00f6fundur r\u00e9\u00f0 sig \u00ed vinnu \u00ed kv\u00f6ld \u2013 \u00e1 sama t\u00edma og Framarar h\u00e9ldu til Njar\u00f0v\u00edkur.<\/p>\n<p>G\u00f3\u00f0u fr\u00e9ttirnar voru \u00fe\u00e6r a\u00f0 vinnan gekk hratt fyrir sig og y\u00f0ar einl\u00e6gur var stokkinn upp \u00ed metandrifinn heimilisb\u00edlinn og \u00e1 me\u00f0an fyrri h\u00e1lfleikur st\u00f3\u00f0 enn\u00fe\u00e1 yfir, geystist eftir Reykjanesbrautinni og n\u00e1\u00f0i \u00e1 Njar\u00f0taksv\u00f6llinn \u00feegar vallarklukkan s\u00fdndi 52 m\u00edn\u00fatur. Allt sem ger\u00f0ist fyrir \u00feann t\u00edma er \u00fev\u00ed vegi\u00f0 og l\u00e9ttv\u00e6gt meti\u00f0 \u00ed \u00feessari leiksk\u00fdrslu \u2013 l\u00edka Njar\u00f0v\u00edkurmarki\u00f0 \u00e1 sj\u00f6ttu m\u00edn\u00fatu.<\/p>\n<p>Um lei\u00f0 og lafm\u00f3\u00f0ur \u00f6ku\u00fe\u00f3rinn haf\u00f0i klifra\u00f0 upp \u00ed st\u00faku, var Hei\u00f0ar Geir a\u00f0 fara meiddur af velli. Af g\u00f6ngulaginu a\u00f0 d\u00e6ma g\u00e6ti veri\u00f0 um n\u00e1ramei\u00f0sli a\u00f0 r\u00e6\u00f0a, sem v\u00e6ru vondar fr\u00e9ttir fyrir \u00feunnskipa\u00f0 li\u00f0i\u00f0. Sigur\u00f0ur \u00der\u00e1inn kom inn\u00e1 fyrir Hei\u00f0ar Geir og t\u00f3k st\u00f6\u00f0u hans fyrir framan v\u00f6rnina.<\/p>\n<p>Atli var annars \u00ed markinu, varnarl\u00ednan Unnar Steinn, Hlynur Atli og Krist\u00f3fer. Mihaljo og Orri \u00e1 k\u00f6ntunum. Tiago, Helgi og Fred \u00e1 mi\u00f0junni og Gu\u00f0mundur fremstur. Hvort \u00feessi l\u00fdsing fangi fullkomlega hin f\u00ednni sm\u00e1atri\u00f0i \u00ed leikkerfinu skal \u00f3sagt l\u00e1ti\u00f0, Hver nennir l\u00edka a\u00f0 p\u00e6la \u00ed leikkerfum \u00feegar \u00fea\u00f0 er r\u00famur h\u00e1lft\u00edmi eftir, \u00ed su\u00f0urnesjanepju og li\u00f0i\u00f0 manns a\u00f0 tapa?<\/p>\n<p>Framarar \u00e1 p\u00f6llunum voru allt anna\u00f0 en k\u00e1tir \u00e1 svipinn. A\u00f0 \u00feeirra s\u00f6gn haf\u00f0i fyrri h\u00e1lfleikurinn veri\u00f0 t\u00f3m h\u00f6rmung, \u00fear sem afleitlega gekk a\u00f0 koma boltanum \u00e1 samherja. Sendingarnar voru \u00f3skynsamlegar og illa framkv\u00e6mdar, s\u00f3knirnar \u00f3markvissar, mi\u00f0jumennirnir t\u00f3ku alltaf einni sneringu og miki\u00f0 og meira a\u00f0 segja innk\u00f6stin voru \u00f3l\u00f6gleg. \u00deetta var \u00feannig leikur.<\/p>\n<p>Ekki \u00feurfti a\u00f0 horfa lengi til a\u00f0 sj\u00e1 a\u00f0 l\u00fdsingin var r\u00e9ttm\u00e6t. Framli\u00f0i\u00f0 \u00e1tti vondan dag og virtist ekki l\u00edklegt til a\u00f0 skora. \u00dea\u00f0 hindra\u00f0i Njar\u00f0v\u00edkinga \u00fe\u00f3 ekki \u00ed a\u00f0 stressast og koma s\u00e9r \u00ed klandur, milli \u00feess sem li\u00f0i\u00f0 nota\u00f0i hvert t\u00e6kif\u00e6ri til a\u00f0 tefja leikinn me\u00f0 gaufi og drolli. Njar\u00f0v\u00edk hefur tapa\u00f0 m\u00f6rgum stigum \u00fea\u00f0 sem af er sumri me\u00f0 m\u00f6rkum \u00e1 lokam\u00edn\u00fatunum og \u00fea\u00f0 er greinilega fari\u00f0 a\u00f0 taka sinn toll af sj\u00e1lfstraustinu. Sannast sagna hef\u00f0i sama spilamennska og Framarar hafa s\u00fdnt \u00ed flestum leikjum \u00ed sumar n\u00e6gt til a\u00f0 brj\u00f3ta \u00fe\u00e1 gr\u00e6nkl\u00e6ddu au\u00f0veldlega \u00e1 bak aftur.<\/p>\n<p>Seinna mark Njar\u00f0v\u00edkinga var a\u00f0 m\u00f6rgu leyti l\u00fdsandi fyrir leikinn. Framarar reyndu a\u00f0 s\u00e6kja, en Fred \u2013 sem var engan veginn sj\u00e1lfum s\u00e9r l\u00edkur \u2013 var a\u00f0 gaufa me\u00f0 boltann, lenti \u00ed klandri og fleyg\u00f0i s\u00e9r svo til jar\u00f0ar \u00ed von um aukaspyrnu sem hann f\u00e9kk ekki. Njar\u00f0v\u00edkingar\u00a0 negldu fram og s\u00f3knarma\u00f0ur \u00feeirra n\u00e1\u00f0i skoti \u00ed Hlyn og \u00ed fallegum boga yfir Atla \u00ed markinu. Klaufalegt en vi\u00f0eigandi.<\/p>\n<p>Ekkert benti til a\u00f0 okkur \u00e6tla\u00f0i a\u00f0 takast a\u00f0 kl\u00f3ra okkur aftur inn \u00ed leikinn, en \u00f6rf\u00e1um m\u00edn\u00fatum s\u00ed\u00f0ar l\u00e1 boltinn samt \u00ed Njar\u00f0v\u00edkurmarkinu. Uppskriftin var einf\u00f6ld blanda: dass af \u00f3\u00e1kve\u00f0num varnarleik andst\u00e6\u00f0inganna og slurkur af \u00e1kve\u00f0ni og h\u00f6rku \u00ed Gu\u00f0mundi Magn\u00fassyni, 2:1.<\/p>\n<p>Framarar s\u00f3ttu h\u00e1lfm\u00e1ttleysislega og Njar\u00f0v\u00edkingar reyndu a\u00f0 verja fenginn hlut, me\u00f0an gramir Framstu\u00f0ningsmenn einbeittu s\u00e9r a\u00f0 \u00fev\u00ed a\u00f0 tu\u00f0a yfir fremur \u00f3sannf\u00e6randi d\u00f3mara leiksins. T\u00edminn virtist \u00e6tla a\u00f0 renna \u00fat, en \u00e1 88. m\u00edn\u00fatu rata\u00f0i sending, sem pistlah\u00f6fundur vildi eigna Tiago en Fotbolti.net skrifar \u00e1 Unnar, \u00ed gegnum Njar\u00f0v\u00edkurv\u00f6rnina og \u00e1 Gu\u00f0mund sem \u00feruma\u00f0i \u00ed markhorni\u00f0. Tv\u00f6 m\u00f6rk fr\u00e1 fyrirli\u00f0anum, meira er varla h\u00e6gt a\u00f0 bi\u00f0ja um. 2:2.<\/p>\n<p>Fred f\u00f3r af velli fyrir M\u00e1, en fyrr \u00ed leiknum haf\u00f0i Mikael Egill komi\u00f0 inn fyrir Helga.<\/p>\n<p>Einhverra hluta vegna haf\u00f0i j\u00f6fnunarmarki\u00f0 \u00feau \u00e1hrif a\u00f0 gr\u00e6nkl\u00e6ddir t\u00f3ku a\u00f0 hlaupa hra\u00f0ar og h\u00e6tta a\u00f0 drolla \u00ed markspyrnum. B\u00e6\u00f0i li\u00f0 vildu s\u00e6kja \u00f6ll stigin og \u00ed uppb\u00f3tart\u00edma virtist okkur \u00e6tla a\u00f0 takast a\u00f0 fullkomna gl\u00e6pinn \u00feegar Orri komst \u00ed h\u00f6rkuf\u00e6ri en negldi r\u00e9tt framhj\u00e1. \u00dea\u00f0 voru \u00fe\u00f3 heimamenn sem komust n\u00e6r \u00fev\u00ed me\u00f0 tv\u00f6f\u00f6ldu dau\u00f0af\u00e6ri \u00e1 lokasek\u00fandunum, \u00fear sem Atli var\u00f0i st\u00f3rkostlega.<\/p>\n<p>\u00dea\u00f0 er alltaf d\u00e1l\u00edti\u00f0 gaman a\u00f0 n\u00e6la \u00ed jafntefli eftir a\u00f0 hafa lent 2:0 undir og eftir s\u00ed\u00f0ustu leiki veitti okkur ekki af stiginu, en frammista\u00f0an \u00ed kv\u00f6ld var \u00fe\u00f3 s\u00fa daprasta \u00ed allt sumar. Ver\u00f0um a\u00f0 gera betur gegn Haukum \u00e1 \u00feri\u00f0judag, annars fer illa.<\/p>\n<p>Stef\u00e1n P\u00e1lsson<\/p>\n<p>&nbsp;<\/p>","protected":false},"excerpt":{"rendered":"<p>Die protestantische Ethik und der Geist des Kapitalismus eftir \u00fe\u00fdska f\u00e9lagsfr\u00e6\u00f0inginn Max Weber er eitt \u00e1hrifamesta verk \u00e1 svi\u00f0i stj\u00f3rnm\u00e1laheimspeki \u00e1 fyrri hluta tuttugustu aldar. \u00cd b\u00f3kinni leitast Weber vi\u00f0 [&hellip;]<\/p>","protected":false},"author":4,"featured_media":18246,"comment_status":"open","ping_status":"open","sticky":false,"template":"","format":"standard","meta":{"_monsterinsights_skip_tracking":false,"_monsterinsights_sitenote_active":false,"_monsterinsights_sitenote_note":"","_monsterinsights_sitenote_category":0,"_jetpack_memberships_contains_paid_content":false,"footnotes":""},"categories":[11,9],"tags":[],"class_list":["post-18489","post","type-post","status-publish","format-standard","has-post-thumbnail","hentry","category-mflkarla","category-fotbolti"],"jetpack_sharing_enabled":true,"jetpack_featured_media_url":"https:\/\/fram.is\/wp-content\/uploads\/2018\/05\/Gummi-gegn-Selfoss-scaled.jpg","_links":{"self":[{"href":"https:\/\/fram.is\/is\/wp-json\/wp\/v2\/posts\/18489","targetHints":{"allow":["GET"]}}],"collection":[{"href":"https:\/\/fram.is\/is\/wp-json\/wp\/v2\/posts"}],"about":[{"href":"https:\/\/fram.is\/is\/wp-json\/wp\/v2\/types\/post"}],"author":[{"embeddable":true,"href":"https:\/\/fram.is\/is\/wp-json\/wp\/v2\/users\/4"}],"replies":[{"embeddable":true,"href":"https:\/\/fram.is\/is\/wp-json\/wp\/v2\/comments?post=18489"}],"version-history":[{"count":0,"href":"https:\/\/fram.is\/is\/wp-json\/wp\/v2\/posts\/18489\/revisions"}],"wp:featuredmedia":[{"embeddable":true,"href":"https:\/\/fram.is\/is\/wp-json\/wp\/v2\/media\/18246"}],"wp:attachment":[{"href":"https:\/\/fram.is\/is\/wp-json\/wp\/v2\/media?parent=18489"}],"wp:term":[{"taxonomy":"category","embeddable":true,"href":"https:\/\/fram.is\/is\/wp-json\/wp\/v2\/categories?post=18489"},{"taxonomy":"post_tag","embeddable":true,"href":"https:\/\/fram.is\/is\/wp-json\/wp\/v2\/tags?post=18489"}],"curies":[{"name":"wp","href":"https:\/\/api.w.org\/{rel}","templated":true}]}}