{"id":18498,"date":"2018-06-11T09:20:51","date_gmt":"2018-06-11T09:20:51","guid":{"rendered":"http:\/\/fram.is\/?p=18498"},"modified":"2018-06-11T09:20:51","modified_gmt":"2018-06-11T09:20:51","slug":"stelpurnar-okkar-i-u20-og-u18-leita-eftir-studningi-ykkar","status":"publish","type":"post","link":"https:\/\/fram.is\/is\/2018\/06\/11\/stelpurnar-okkar-i-u20-og-u18-leita-eftir-studningi-ykkar\/","title":{"rendered":"Stelpurnar okkar \u00ed U20 og U18 leita eftir stu\u00f0ningi ykkar"},"content":{"rendered":"<p class=\"xmsonormal\"><span style=\"font-size: 12.0pt; color: black;\"><a href=\"http:\/\/fram.is\/is\/?attachment_id=18499\"><img fetchpriority=\"high\" decoding=\"async\" class=\"alignright size-medium wp-image-18499\" src=\"http:\/\/fram.is\/wp-content\/uploads\/2018\/06\/Augl\u00fdsing-002-192x300.png\" alt=\"\" width=\"192\" height=\"300\" \/><\/a>FRAM st\u00falkur ver\u00f0a \u00e1 faraldsf\u00e6ti \u00ed sumar me\u00f0 yngri landsli\u00f0um \u00cdslands. U-20 keppir \u00e1 Heimsmeistaram\u00f3tinu \u00ed Ungverjalandi og U-18 keppir \u00ed Sl\u00f3vak\u00edu \u00ed j\u00fal\u00ed.<\/span><\/p>\n<p class=\"xmsonormal\"><span style=\"font-size: 12.0pt; color: black;\">HS\u00cd mun birta heils\u00ed\u00f0uaugl\u00fdsingar flj\u00f3tlega \u00ed helstu bl\u00f6\u00f0um \u00fear sem a\u00f0 birtast myndir af h\u00f3punum og styrktara\u00f0ilar \u00feeirra koma fram.<\/span><\/p>\n<p class=\"xmsonormal\"><span style=\"font-size: 12.0pt; color: black;\">Ykkur gefst kostur \u00e1 a\u00f0 sty\u00f0ja vi\u00f0 baki\u00f0 \u00e1 \u00feessum fr\u00e1b\u00e6ru FRAM st\u00falkum og f\u00e1 augl\u00fdsingu \u00ed lei\u00f0inni. Birting \u00e1 Logo kr. 35.000, styrktarl\u00edna 15.000. Einnig er \u00f6llum frj\u00e1lst a\u00f0 sty\u00f0ja me\u00f0\/\u00e1n birtingar me\u00f0 frj\u00e1lsum framl\u00f6gum.<\/span><\/p>\n<p class=\"xmsonormal\"><span style=\"font-size: 12.0pt; color: black;\">Ykkar styrkur rennur \u00f3skiptur til FRAMstelpna. Fer\u00f0irnar eru mj\u00f6g d\u00fdrar enda langt a\u00f0 fara og langur t\u00edmi. Allur kostna\u00f0ur er greiddur af keppendum sj\u00e1lfum og eru \u00fe\u00e6r mj\u00f6g \u00feakkl\u00e1tar fyrir hverja kr\u00f3nu sem safnast.<\/span><\/p>\n<p class=\"xmsonormal\"><span style=\"font-size: 12.0pt; color: black;\">\u00c1hugasamir hafi\u00f0 samband\u00a0fyrir 15. j\u00fan\u00ed hj\u00e1\u00a0<a href=\"mailto:toti@fram.is\" target=\"_blank\" rel=\"noopener noreferrer\"><span style=\"color: #1155cc;\">toti@fram.is<\/span><\/a><\/span><\/p>\n<p class=\"xmsonormal\"><span style=\"font-size: 12.0pt; color: black;\">Svona leit augl\u00fdsingin \u00fat \u00ed fyrra \u00feegar str\u00e1karnir \u00e1ttu st\u00f3rt sumar.<\/span><\/p>\n<p>Handknattleiksdeild FRAM<\/p>","protected":false},"excerpt":{"rendered":"<p>FRAM st\u00falkur ver\u00f0a \u00e1 faraldsf\u00e6ti \u00ed sumar me\u00f0 yngri landsli\u00f0um \u00cdslands. U-20 keppir \u00e1 Heimsmeistaram\u00f3tinu \u00ed Ungverjalandi og U-18 keppir \u00ed Sl\u00f3vak\u00edu \u00ed j\u00fal\u00ed. HS\u00cd mun birta heils\u00ed\u00f0uaugl\u00fdsingar flj\u00f3tlega \u00ed [&hellip;]<\/p>","protected":false},"author":4,"featured_media":18500,"comment_status":"open","ping_status":"open","sticky":false,"template":"","format":"standard","meta":{"_monsterinsights_skip_tracking":false,"_monsterinsights_sitenote_active":false,"_monsterinsights_sitenote_note":"","_monsterinsights_sitenote_category":0,"_jetpack_memberships_contains_paid_content":false,"footnotes":""},"categories":[7,6,15],"tags":[],"class_list":["post-18498","post","type-post","status-publish","format-standard","has-post-thumbnail","hentry","category-yngri-flokkar","category-handbolti","category-mfl-kvenna"],"jetpack_sharing_enabled":true,"jetpack_featured_media_url":"https:\/\/fram.is\/wp-content\/uploads\/2018\/06\/Augl\u00fdsing-II.jpg","_links":{"self":[{"href":"https:\/\/fram.is\/is\/wp-json\/wp\/v2\/posts\/18498","targetHints":{"allow":["GET"]}}],"collection":[{"href":"https:\/\/fram.is\/is\/wp-json\/wp\/v2\/posts"}],"about":[{"href":"https:\/\/fram.is\/is\/wp-json\/wp\/v2\/types\/post"}],"author":[{"embeddable":true,"href":"https:\/\/fram.is\/is\/wp-json\/wp\/v2\/users\/4"}],"replies":[{"embeddable":true,"href":"https:\/\/fram.is\/is\/wp-json\/wp\/v2\/comments?post=18498"}],"version-history":[{"count":0,"href":"https:\/\/fram.is\/is\/wp-json\/wp\/v2\/posts\/18498\/revisions"}],"wp:featuredmedia":[{"embeddable":true,"href":"https:\/\/fram.is\/is\/wp-json\/wp\/v2\/media\/18500"}],"wp:attachment":[{"href":"https:\/\/fram.is\/is\/wp-json\/wp\/v2\/media?parent=18498"}],"wp:term":[{"taxonomy":"category","embeddable":true,"href":"https:\/\/fram.is\/is\/wp-json\/wp\/v2\/categories?post=18498"},{"taxonomy":"post_tag","embeddable":true,"href":"https:\/\/fram.is\/is\/wp-json\/wp\/v2\/tags?post=18498"}],"curies":[{"name":"wp","href":"https:\/\/api.w.org\/{rel}","templated":true}]}}