{"id":18518,"date":"2018-06-12T22:59:51","date_gmt":"2018-06-12T22:59:51","guid":{"rendered":"http:\/\/fram.is\/?p=18518"},"modified":"2018-06-12T22:59:51","modified_gmt":"2018-06-12T22:59:51","slug":"theytingur-med-thristi-og-jardaberjum","status":"publish","type":"post","link":"https:\/\/fram.is\/is\/2018\/06\/12\/theytingur-med-thristi-og-jardaberjum\/","title":{"rendered":"\u00deeytingur me\u00f0 \u00deristi og jar\u00f0aberjum"},"content":{"rendered":"<p><a href=\"http:\/\/fram.is\/is\/2018\/05\/__trashed-2\/fram-vik-o\/\"><img fetchpriority=\"high\" decoding=\"async\" class=\"alignright size-medium wp-image-18430\" src=\"http:\/\/fram.is\/wp-content\/uploads\/2018\/05\/FRAM-V\u00edk-\u00d3-300x200.jpg\" alt=\"\" width=\"300\" height=\"200\" \/><\/a>Vi\u00f0 Hagamel \u00ed Vesturb\u00e6num, steinsnar fr\u00e1 vettvangi \u201eatviksins\u201c fr\u00e1 1995, er l\u00edtill verslunarkjarni. \u00dear var um \u00e1rabil starfr\u00e6kt b\u00f3kab\u00fa\u00f0in \u00dalfarsfell, sem \u00ferauka\u00f0i lengi me\u00f0 \u00fev\u00ed a\u00f0 reka jafnframt framk\u00f6llunar\u00fej\u00f3nustu. \u00d6\u00f0ru megin vi\u00f0 \u00fea\u00f0 verslunarr\u00fdmi hefur lengi veri\u00f0 bl\u00f3mab\u00fa\u00f0 \u2013 \u00fear sem Vigd\u00eds Hauksd\u00f3ttir vann um t\u00edma \u00e1\u00f0ur en h\u00fan f\u00f3r \u00ed p\u00f3lit\u00edkina. L\u00f6ngu fyrr var \u00fear kn\u00e6pan Haukur \u00ed horni. \u00dea\u00f0 ger\u00f0i ekki miki\u00f0 fyrir or\u00f0spor ungra manna a\u00f0 sj\u00e1st detta \u00fea\u00f0an \u00fat \u00e1 m\u00e1nudagsmorgni.<\/p>\n<p>\u00cd sama verslunarkjarna hefur veri\u00f0 starfr\u00e6kt \u00edsb\u00fa\u00f0 lengur en elstu menn muna: \u00cdsb\u00fa\u00f0 Vesturb\u00e6jar. H\u00fan hefur \u00f6\u00f0last gott or\u00f0spor. Raunar svo gott a\u00f0 kl\u00f3kir fj\u00e1rfestar opnu\u00f0u ke\u00f0ju \u00cdsb\u00fa\u00f0a Vesturb\u00e6jar \u00fevers og kruss um b\u00e6inn. \u00deess vegna m\u00e1 n\u00fa finna \u00cdsb\u00fa\u00f0 Vesturb\u00e6jar vi\u00f0 Grens\u00e1sveginn.<\/p>\n<p>Hvernig kemur \u00feetta allt vi\u00f0 s\u00f6gu \u00feessa? \u2013 kynni n\u00fa einhver a\u00f0 spyrja. \u00dea\u00f0 er n\u00fa ekki fl\u00f3ki\u00f0. Sessunautur fr\u00e9ttaritara \u00e1 Framleikjum hefur um langt \u00e1rabil haft \u00fe\u00e1 vinnureglu a\u00f0 stoppa \u00ed \u00edsb\u00fa\u00f0inni \u00e1 lei\u00f0inni heim eftir sigurleiki og kaupa \u00eds fyrir s\u00edna ektakvinnu. \u00deetta er g\u00f3\u00f0 regla og r\u00f6kr\u00e9tt. \u00deannig samgle\u00f0st makinn \u00ed sigurleikjum bl\u00e1kl\u00e6ddra og rj\u00f3maframlei\u00f0endur hagnast ekki \u00e1 \u00f3f\u00f6rum Framli\u00f0sins.<\/p>\n<p>\u00cdshorfurnar virtust raunar daprar fyrstu tuttugu m\u00edn\u00faturnar af leiknum gegn Haukum \u00ed kv\u00f6ld. Gestirnir m\u00e6ttu mun spr\u00e6kari \u00e1 \u00fej\u00f3\u00f0arleikvanginn og okkar menn s\u00fdndust l\u00edkari h\u00f6rmunginni \u00ed Njar\u00f0v\u00edk \u00e1 d\u00f6gunum en \u00fev\u00ed sem vi\u00f0 fengum a\u00f0 sj\u00e1 \u00ed byrjun \u00feessa \u00cdslandsm\u00f3ts. \u00d6fugt vi\u00f0 Su\u00f0urnesjanepjuna g\u00e1tum vi\u00f0 hins vegar ekki kennt ve\u00f0rinu um. Sjalds\u00e9\u00f0 blankalogn var \u00ed Laugardalnum og ellefu stiga hiti. Fyrstu tuttugu m\u00edn\u00faturnar f\u00f3ru meira a\u00f0 segja fram \u00ed s\u00f3l\u2026 sem vekur upp spurningar um orsakasamhengi.<\/p>\n<p>Agnarsm\u00e1i leikmannah\u00f3purinn okkar \u00feynnist s\u00edfellt. Arn\u00f3r Da\u00f0i er enn utan li\u00f0sins eftir heilahristinginn sem hann f\u00e9kk \u00e1 m\u00f3ti \u00cdA og Hei\u00f0ar Geir er meiddur eftir Njar\u00f0v\u00edkurleikinn og h\u00e6tt vi\u00f0 a\u00f0 \u00fea\u00f0 ver\u00f0i bi\u00f0 \u00ed hann aftur.<\/p>\n<p>Atli var vitaskuld \u00ed markinu. Unnar, Hlynur og Krist\u00f3fer Reyes myndu\u00f0u \u00feriggja manna bakl\u00ednuna me\u00f0 Sigur\u00f0 \u00der\u00e1inn \u00ed hinu hef\u00f0bundna hlutverki Hei\u00f0ars Geirs. Hann sinnti \u00fev\u00ed fr\u00e1b\u00e6rlega \u00ed leiknum og sl\u00f3 varla feiln\u00f3tu. Mihajlo og M\u00e1r \u00e1 k\u00f6ntunum. Orri og Tiago framarlega \u00e1 mi\u00f0junni me\u00f0 Fred \u00fear fyrir framan og Gu\u00f0mund \u00e1 toppnum.<\/p>\n<p>Sem fyrr segir byrju\u00f0u Haukar betur og Framv\u00f6rnin virtist \u00f3traust. Eftir um \u00e1tj\u00e1n m\u00edn\u00fatur m\u00e1tti minnstu muna a\u00f0 illa f\u00e6ri \u00feegar Atli m\u00e1tti hafa sig allan vi\u00f0 a\u00f0 verja \u00f3v\u00e6nt skot \u00ed st\u00f6ngina og aftur fyrir. Vi\u00f0 beturvitarnir \u00ed t\u00f3mlegri st\u00fakunni litum hver \u00e1 annan og kenndum leikvanginum um.<\/p>\n<p>En \u00fe\u00e1 hvarf s\u00f3lin og okkar menn byrju\u00f0u a\u00f0 vinna sig almennilega inn \u00ed leikinn. Sendingarnar ur\u00f0u betri og n\u00e1kv\u00e6mari og einhvern veginn fengu Framarar \u00f3tr\u00falega miki\u00f0 pl\u00e1ss \u00e1 mi\u00f0junni, \u00fer\u00e1tt fyrir a\u00f0 spili\u00f0 v\u00e6ri alls ekki mj\u00f6g hratt. Nokkrum sinnum t\u00f3kst kantm\u00f6nnunum a\u00f0 sprengja s\u00e9r lei\u00f0 upp a\u00f0 endam\u00f6rkum og senda fyrir, en \u00fear vanta\u00f0i \u00fdmist bl\u00e1ar treyjur e\u00f0a skotin og skallarnir f\u00f3ru yfir og framhj\u00e1. Framherjar voru \u00fev\u00ed farnir a\u00f0 b\u00faa sig undir markalausan fyrri h\u00e1lfleik og leitu\u00f0u a\u00f0 sk\u00edrteinunum s\u00ednum, til a\u00f0 komast \u00ed kaffibollann (sem var heimilislega vondur) og \u00feurru sn\u00fa\u00f0ana, \u00feegar Gu\u00f0mundur \u00e1tti skalla sem varnarmenn Hauka n\u00e1\u00f0u a\u00f0 hreinsa \u00fat fyrir teig \u2013 \u00fear sem Tiago kom a\u00f0v\u00edfandi og skaut \u00ed fallegum boga \u00e1 mitt marki \u2013 og raunar beint \u00ed \u00e1ttina a\u00f0 Haukamarkmanninum, sem n\u00e1\u00f0i ekki a\u00f0 sl\u00e6ma h\u00f6nd \u00ed hann. 1:0, fr\u00e1b\u00e6rt mark.<\/p>\n<p>Tiago var ekki h\u00e6ttur \u00ed markaskoruninni. \u00deegar fimm m\u00edn\u00fatur voru li\u00f0nar af seinni h\u00e1lfleik, \u00e1ttu \u00feeir Gu\u00f0mundur gl\u00e6silegt \u00fer\u00edhyrningaspil inn \u00ed Haukav\u00edtateiginn, Tiago l\u00e9k svo \u00e1 1-2 rau\u00f0kl\u00e6dda og afgreiddi kn\u00f6ttinn fallega \u00ed neti\u00f0. 2:0 og gaman a\u00f0 vera til.<\/p>\n<p>\u00de\u00f3tt Haukar fengju st\u00f6ku f\u00e6ri, var himinhr\u00f3pandi munur \u00e1 li\u00f0unum tveimur allan seinni h\u00e1lfleikinn. Framarar h\u00f6f\u00f0u sj\u00e1lfstraust og bygg\u00f0u upp hverja s\u00f3knina \u00e1 f\u00e6tur annarri. Haukar voru m\u00e1ttlausir og farnir a\u00f0 r\u00edfast hver \u00ed \u00f6\u00f0rum eftir um klukkut\u00edima leik. R\u00e9tt eftir eina sl\u00edka snerruna breyttum vi\u00f0 st\u00f6\u00f0unni \u00ed 3:0, eftir flott samspil hj\u00e1 Mihajlo, Orra og Freds, sem enda\u00f0i \u00e1 a\u00f0 skora. Gr\u00e6\u00f0gisgr\u00edsirnir \u00ed st\u00fakunni heimtu\u00f0u fj\u00f3r\u00f0a marki\u00f0. \u00cdsseljurnar \u00e1 Grens\u00e1sveginum t\u00f3ku fram rj\u00f3mabl\u00f6nduna.<\/p>\n<p>\u00deegar tuttugu m\u00edn\u00fatur voru til leiksloka ger\u00f0u Haukar \u00ferefalda breytingu sem haf\u00f0i n\u00e1kv\u00e6mlega ekkert a\u00f0 segja. Um lei\u00f0 skiptu Framarar Helga inn\u00e1 fyrir Fred, til a\u00f0 f\u00e1 ferskar f\u00e6tur fyrir loka\u00e1t\u00f6kin.<\/p>\n<p>F\u00e1r\u00e1nlega litlu muna\u00f0i a\u00f0 markafleygurinn (sem hefur um \u00feessar mundir a\u00f0 geyma 10 \u00e1ra Ardbeg) t\u00e6mdist fimm m\u00edn\u00fatum fyrir leikslok \u00feegar markv\u00f6r\u00f0ur Hauka br\u00e1 s\u00e9r \u00ed sk\u00f3garfer\u00f0, Gu\u00f0mundur vann kn\u00f6ttinn af har\u00f0fylgi en skaut \u00ed utanver\u00f0a st\u00f6ngina. Tveimur m\u00edn\u00fatum s\u00ed\u00f0ar komst Helgi einn \u00ed gegn, en l\u00e9k upp a\u00f0 endam\u00f6rkum og skot hans dansa\u00f0i eftir markl\u00ednunni.<\/p>\n<p>Eftir \u00feessi tv\u00f6 dau\u00f0af\u00e6ri kom \u00fea\u00f0 hins vegar \u00ed hlut Hauka a\u00f0 minnka muninn \u00ed 3:1 eftir \u00fev\u00f6gu, \u00fear sem Atli var\u00f0i vel en Haukar n\u00e1\u00f0u a\u00f0 lokum fr\u00e1kastinu. Marki\u00f0 kom alveg \u00ed lok venjulegs leikt\u00edma en \u00e1\u00f0ur en d\u00f3marinn flauta\u00f0i til leiksloka f\u00e9kk Gu\u00f0mundur dau\u00f0af\u00e6ri til a\u00f0 b\u00e6ta enn \u00e1 markareikning sinn, en virtist auglj\u00f3slega toga\u00f0ur ni\u00f0ur \u00ed teignum.<\/p>\n<p>Afar sannf\u00e6randi sigur eftir sm\u00e1 d\u00fdfu \u00ed \u00farslitum s\u00ed\u00f0ustu leikja. Og markaskorarinn Tiago ma\u00f0ur leiksins. Ekki bara \u00fat af m\u00f6rkunum, heldur l\u00edka go\u00f0a frammist\u00f6\u00f0u \u00fati \u00e1 vellinum. Me\u00f0 svona frammist\u00f6\u00f0u \u00feurfa mj\u00f3lkurframlei\u00f0endur ekki a\u00f0 kv\u00ed\u00f0a sumrinu. N\u00e6sti leikur er \u00e1 m\u00f3ti \u00cdR \u2013 spurning um a\u00f0 breikka Grens\u00e1sveginn aftur t\u00edmabundi\u00f0 \u00ed tengslum vi\u00f0 hann?<\/p>\n<p>Stef\u00e1n P\u00e1lsson<\/p>\n<p>&nbsp;<\/p>\n<p>&nbsp;<\/p>\n<p>&nbsp;<\/p>\n<p>&nbsp;<\/p>","protected":false},"excerpt":{"rendered":"<p>Vi\u00f0 Hagamel \u00ed Vesturb\u00e6num, steinsnar fr\u00e1 vettvangi \u201eatviksins\u201c fr\u00e1 1995, er l\u00edtill verslunarkjarni. \u00dear var um \u00e1rabil starfr\u00e6kt b\u00f3kab\u00fa\u00f0in \u00dalfarsfell, sem \u00ferauka\u00f0i lengi me\u00f0 \u00fev\u00ed a\u00f0 reka jafnframt framk\u00f6llunar\u00fej\u00f3nustu. \u00d6\u00f0ru [&hellip;]<\/p>","protected":false},"author":4,"featured_media":18114,"comment_status":"open","ping_status":"open","sticky":false,"template":"","format":"standard","meta":{"_monsterinsights_skip_tracking":false,"_monsterinsights_sitenote_active":false,"_monsterinsights_sitenote_note":"","_monsterinsights_sitenote_category":0,"_jetpack_memberships_contains_paid_content":false,"footnotes":""},"categories":[11,9],"tags":[],"class_list":["post-18518","post","type-post","status-publish","format-standard","has-post-thumbnail","hentry","category-mflkarla","category-fotbolti"],"jetpack_sharing_enabled":true,"jetpack_featured_media_url":"https:\/\/fram.is\/wp-content\/uploads\/2018\/05\/FRAM-vefur-scaled.jpg","_links":{"self":[{"href":"https:\/\/fram.is\/is\/wp-json\/wp\/v2\/posts\/18518","targetHints":{"allow":["GET"]}}],"collection":[{"href":"https:\/\/fram.is\/is\/wp-json\/wp\/v2\/posts"}],"about":[{"href":"https:\/\/fram.is\/is\/wp-json\/wp\/v2\/types\/post"}],"author":[{"embeddable":true,"href":"https:\/\/fram.is\/is\/wp-json\/wp\/v2\/users\/4"}],"replies":[{"embeddable":true,"href":"https:\/\/fram.is\/is\/wp-json\/wp\/v2\/comments?post=18518"}],"version-history":[{"count":0,"href":"https:\/\/fram.is\/is\/wp-json\/wp\/v2\/posts\/18518\/revisions"}],"wp:featuredmedia":[{"embeddable":true,"href":"https:\/\/fram.is\/is\/wp-json\/wp\/v2\/media\/18114"}],"wp:attachment":[{"href":"https:\/\/fram.is\/is\/wp-json\/wp\/v2\/media?parent=18518"}],"wp:term":[{"taxonomy":"category","embeddable":true,"href":"https:\/\/fram.is\/is\/wp-json\/wp\/v2\/categories?post=18518"},{"taxonomy":"post_tag","embeddable":true,"href":"https:\/\/fram.is\/is\/wp-json\/wp\/v2\/tags?post=18518"}],"curies":[{"name":"wp","href":"https:\/\/api.w.org\/{rel}","templated":true}]}}