{"id":18520,"date":"2018-06-13T16:29:10","date_gmt":"2018-06-13T16:29:10","guid":{"rendered":"http:\/\/fram.is\/?p=18520"},"modified":"2018-06-13T16:29:10","modified_gmt":"2018-06-13T16:29:10","slug":"handknattleiksdeild-fram-hefur-gengid-fra-samningum-vid-tvo-leikmenn-i-mfl-kvenna","status":"publish","type":"post","link":"https:\/\/fram.is\/is\/2018\/06\/13\/handknattleiksdeild-fram-hefur-gengid-fra-samningum-vid-tvo-leikmenn-i-mfl-kvenna\/","title":{"rendered":"Handknattleiksdeild Fram hefur gengi\u00f0 fr\u00e1 samningum vi\u00f0 tvo leikmenn \u00ed mfl. kvenna"},"content":{"rendered":"<p><strong><a href=\"http:\/\/fram.is\/is\/?attachment_id=18522\"><img fetchpriority=\"high\" decoding=\"async\" class=\"alignright size-medium wp-image-18522\" src=\"http:\/\/fram.is\/wp-content\/uploads\/2018\/06\/Sara-Sif--300x169.jpg\" alt=\"\" width=\"300\" height=\"169\" \/><\/a><a href=\"http:\/\/fram.is\/is\/?attachment_id=18521\"><img decoding=\"async\" class=\"alignright size-medium wp-image-18521\" src=\"http:\/\/fram.is\/wp-content\/uploads\/2018\/06\/Berglind-300x169.jpg\" alt=\"\" width=\"300\" height=\"169\" \/><\/a>Handknattleiksdeild Fram hefur gengi\u00f0 fr\u00e1 samningum vi\u00f0 tvo n\u00fdja leikmenn um a\u00f0 leika me\u00f0 meistaraflokki kvenna n\u00e6sta vetur.\u00a0 \u00deessir leikmenn koma b\u00e1\u00f0ir \u00far Fj\u00f6lni og eru \u00fe\u00e6r Sara Sif Helgad\u00f3ttir og Berglind Benediktsd\u00f3ttir.<\/strong><\/p>\n<p><strong><u>Sara Sif Helgad\u00f3ttir<\/u><\/strong><\/p>\n<p><strong>Sara Sif er f\u00e6dd \u00ed j\u00fan\u00ed 2000 og er \u00fev\u00ed n\u00fd or\u00f0in 18 \u00e1ra.\u00a0 Sara Sif er markma\u00f0ur og l\u00e9k alls 16 leiki me\u00f0 meistaraflokki Fj\u00f6lnis s\u00ed\u00f0asta vetur \u00ed OL\u00cdS deildinni.\u00a0 <\/strong><\/p>\n<p><strong>Sara Sif hefur \u00e1tt s\u00e6ti \u00ed yngri landsli\u00f0um \u00cdslands og er n\u00fa \u00ed \u00e6fingah\u00f3p fyrir U 18 \u00e1ra landsli\u00f0i\u00f0. <\/strong><\/p>\n<p><strong><u>Berglind Benediktsd\u00f3ttir<\/u><\/strong><\/p>\n<p><strong>Berglind er f\u00e6dd \u00ed\u00a0 desember 1998 og er \u00fev\u00ed 19 \u00e1ra.\u00a0 Berglind er mj\u00f6g fj\u00f6lh\u00e6fur leikma\u00f0ur og hefur leiki\u00f0 \u00ed \u00f6llum st\u00f6\u00f0um \u00fatileikmanna hj\u00e1 Fj\u00f6lni, \u00fea\u00f0 er vinstra megin, h\u00e6gra megin og \u00e1 mi\u00f0ju.\u00a0 Berglind l\u00e9k alls 21 leik me\u00f0 Fj\u00f6lni s\u00ed\u00f0asta vetur \u00ed OL\u00cdS deildinni og skora\u00f0i \u00ed \u00feeim 82 m\u00f6rk.<\/strong><\/p>\n<p><strong>Berglind hefur \u00e1tt s\u00e6ti \u00ed yngri landsli\u00f0um \u00cdslands og er n\u00fa \u00ed U 20 \u00e1ra landsli\u00f0inu sem er a\u00f0 fara \u00e1 HM 2018 \u00ed Ungverjalandi \u00ed j\u00fal\u00ed.<\/strong><\/p>\n<p><strong>Handknattleiksdeild Fram er s\u00e9rstaklega \u00e1n\u00e6g\u00f0 me\u00f0 a\u00f0 hafa tryggt s\u00e9r a\u00f0 \u00fe\u00e6r leiki me\u00f0 Fram n\u00e6stu tv\u00f6 \u00e1rin.<\/strong><\/p>\n<p><strong>Velkomnar \u00ed Fram stelpur.<\/strong><\/p>\n<p><strong>\u00c1fram Fram<\/strong><\/p>","protected":false},"excerpt":{"rendered":"<p>Handknattleiksdeild Fram hefur gengi\u00f0 fr\u00e1 samningum vi\u00f0 tvo n\u00fdja leikmenn um a\u00f0 leika me\u00f0 meistaraflokki kvenna n\u00e6sta vetur.\u00a0 \u00deessir leikmenn koma b\u00e1\u00f0ir \u00far Fj\u00f6lni og eru \u00fe\u00e6r Sara Sif Helgad\u00f3ttir [&hellip;]<\/p>","protected":false},"author":4,"featured_media":18523,"comment_status":"open","ping_status":"open","sticky":false,"template":"","format":"standard","meta":{"_monsterinsights_skip_tracking":false,"_monsterinsights_sitenote_active":false,"_monsterinsights_sitenote_note":"","_monsterinsights_sitenote_category":0,"_jetpack_memberships_contains_paid_content":false,"footnotes":""},"categories":[6,15],"tags":[],"class_list":["post-18520","post","type-post","status-publish","format-standard","has-post-thumbnail","hentry","category-handbolti","category-mfl-kvenna"],"jetpack_sharing_enabled":true,"jetpack_featured_media_url":"https:\/\/fram.is\/wp-content\/uploads\/2018\/06\/Berglind-vefur-scaled.jpg","_links":{"self":[{"href":"https:\/\/fram.is\/is\/wp-json\/wp\/v2\/posts\/18520","targetHints":{"allow":["GET"]}}],"collection":[{"href":"https:\/\/fram.is\/is\/wp-json\/wp\/v2\/posts"}],"about":[{"href":"https:\/\/fram.is\/is\/wp-json\/wp\/v2\/types\/post"}],"author":[{"embeddable":true,"href":"https:\/\/fram.is\/is\/wp-json\/wp\/v2\/users\/4"}],"replies":[{"embeddable":true,"href":"https:\/\/fram.is\/is\/wp-json\/wp\/v2\/comments?post=18520"}],"version-history":[{"count":0,"href":"https:\/\/fram.is\/is\/wp-json\/wp\/v2\/posts\/18520\/revisions"}],"wp:featuredmedia":[{"embeddable":true,"href":"https:\/\/fram.is\/is\/wp-json\/wp\/v2\/media\/18523"}],"wp:attachment":[{"href":"https:\/\/fram.is\/is\/wp-json\/wp\/v2\/media?parent=18520"}],"wp:term":[{"taxonomy":"category","embeddable":true,"href":"https:\/\/fram.is\/is\/wp-json\/wp\/v2\/categories?post=18520"},{"taxonomy":"post_tag","embeddable":true,"href":"https:\/\/fram.is\/is\/wp-json\/wp\/v2\/tags?post=18520"}],"curies":[{"name":"wp","href":"https:\/\/api.w.org\/{rel}","templated":true}]}}