{"id":18530,"date":"2018-06-15T14:31:24","date_gmt":"2018-06-15T14:31:24","guid":{"rendered":"http:\/\/fram.is\/?p=18530"},"modified":"2018-06-15T14:31:24","modified_gmt":"2018-06-15T14:31:24","slug":"bjarki-larusson-og-aegir-hrafn-til-lids-vid-fram","status":"publish","type":"post","link":"https:\/\/fram.is\/is\/2018\/06\/15\/bjarki-larusson-og-aegir-hrafn-til-lids-vid-fram\/","title":{"rendered":"Bjarki L\u00e1russon og \u00c6gir Hrafn til li\u00f0s vi\u00f0 FRAM"},"content":{"rendered":"<p><a href=\"http:\/\/fram.is\/is\/?attachment_id=18532\"><img fetchpriority=\"high\" decoding=\"async\" class=\"alignright size-medium wp-image-18532\" src=\"http:\/\/fram.is\/wp-content\/uploads\/2018\/06\/Bjarki-g\u00f3\u00f0-300x261.jpg\" alt=\"\" width=\"300\" height=\"261\" \/><\/a><a href=\"http:\/\/fram.is\/is\/?attachment_id=18533\"><img decoding=\"async\" class=\"alignright size-medium wp-image-18533\" src=\"http:\/\/fram.is\/wp-content\/uploads\/2018\/06\/\u00c6gir-g\u00f3\u00f0-300x261.jpg\" alt=\"\" width=\"300\" height=\"261\" \/><\/a>Handknattleiksdeild FRAM skrifa\u00f0i \u00ed g\u00e6r undir n\u00fdja samninga vi\u00f0 tvo leikmenn sem\u00a0 munu leika me\u00f0 FRAM n\u00e6stu tv\u00f6 \u00e1rin hi\u00f0 minnsta.<\/p>\n<p>Bjarki L\u00e1russon hornama\u00f0ur kn\u00e1i gengur til li\u00f0s vi\u00f0 okkur FRAMarar fr\u00e1 Fj\u00f6lni en hefur \u00e1\u00f0ur leiki\u00f0 me\u00f0 Aftureldingu.\u00a0 Bjarki er fj\u00f6lh\u00e6fur leikma\u00f0ur sem getur leiki\u00f0 b\u00e6\u00f0i \u00ed horni og sem leikstj\u00f3rnandi sem mun \u00e1n efa n\u00fdtast okkur vel \u00ed vetur.<\/p>\n<p>\u00c6gir Hrafn J\u00f3nsson l\u00ednuma\u00f0ur og varnarma\u00f0ur hefur einnig gert tveggja \u00e1ra samning vi\u00f0 FRAM en hann kemur til okkar fr\u00e1 V\u00edkingi.\u00a0 \u00c6gir Hrafn \u00feekkir vel til hj\u00e1 FRAM en hann \u00a0l\u00e9k st\u00f3rt hlutverk me\u00f0 li\u00f0inu sem var\u00f0 \u00cdslandsmeistarar \u00e1ri\u00f0 2013.\u00a0 Gr\u00ed\u00f0arlega \u00e1n\u00e6gjulegt a\u00f0 sj\u00e1 \u00c6gi aftur \u00ed FRAMtreyjunni.<\/p>\n<p>\u00deorgr\u00edmur Sm\u00e1ri ger\u00f0i einnig \u00e1 d\u00f6gunum tveggja \u00e1ra samning vi\u00f0 deildina, hann spila\u00f0i me\u00f0 FRAM eftir \u00e1ram\u00f3t, \u00feegar hann koma \u00e1 l\u00e1ni fr\u00e1 Aftureldingu.<\/p>\n<p>\u00dea\u00f0 er mikill styrkur fyrir li\u00f0i\u00f0 a\u00f0 f\u00e1 \u00feessa \u00ferj\u00e1 fr\u00e1b\u00e6ru leikmenn \u00ed FRAM og bj\u00f3\u00f0um vi\u00f0 \u00fe\u00e1 hjartanlega velkomna FRAM.<\/p>\n<p>Handknattleiksdeild FRAM.<\/p>","protected":false},"excerpt":{"rendered":"<p>Handknattleiksdeild FRAM skrifa\u00f0i \u00ed g\u00e6r undir n\u00fdja samninga vi\u00f0 tvo leikmenn sem\u00a0 munu leika me\u00f0 FRAM n\u00e6stu tv\u00f6 \u00e1rin hi\u00f0 minnsta. Bjarki L\u00e1russon hornama\u00f0ur kn\u00e1i gengur til li\u00f0s vi\u00f0 okkur [&hellip;]<\/p>","protected":false},"author":4,"featured_media":18534,"comment_status":"open","ping_status":"open","sticky":false,"template":"","format":"standard","meta":{"_monsterinsights_skip_tracking":false,"_monsterinsights_sitenote_active":false,"_monsterinsights_sitenote_note":"","_monsterinsights_sitenote_category":0,"_jetpack_memberships_contains_paid_content":false,"footnotes":""},"categories":[6,19],"tags":[],"class_list":["post-18530","post","type-post","status-publish","format-standard","has-post-thumbnail","hentry","category-handbolti","category-mfl-karla"],"jetpack_sharing_enabled":true,"jetpack_featured_media_url":"https:\/\/fram.is\/wp-content\/uploads\/2018\/06\/gir-vefur-scaled.jpg","_links":{"self":[{"href":"https:\/\/fram.is\/is\/wp-json\/wp\/v2\/posts\/18530","targetHints":{"allow":["GET"]}}],"collection":[{"href":"https:\/\/fram.is\/is\/wp-json\/wp\/v2\/posts"}],"about":[{"href":"https:\/\/fram.is\/is\/wp-json\/wp\/v2\/types\/post"}],"author":[{"embeddable":true,"href":"https:\/\/fram.is\/is\/wp-json\/wp\/v2\/users\/4"}],"replies":[{"embeddable":true,"href":"https:\/\/fram.is\/is\/wp-json\/wp\/v2\/comments?post=18530"}],"version-history":[{"count":0,"href":"https:\/\/fram.is\/is\/wp-json\/wp\/v2\/posts\/18530\/revisions"}],"wp:featuredmedia":[{"embeddable":true,"href":"https:\/\/fram.is\/is\/wp-json\/wp\/v2\/media\/18534"}],"wp:attachment":[{"href":"https:\/\/fram.is\/is\/wp-json\/wp\/v2\/media?parent=18530"}],"wp:term":[{"taxonomy":"category","embeddable":true,"href":"https:\/\/fram.is\/is\/wp-json\/wp\/v2\/categories?post=18530"},{"taxonomy":"post_tag","embeddable":true,"href":"https:\/\/fram.is\/is\/wp-json\/wp\/v2\/tags?post=18530"}],"curies":[{"name":"wp","href":"https:\/\/api.w.org\/{rel}","templated":true}]}}