{"id":18570,"date":"2018-06-22T12:46:07","date_gmt":"2018-06-22T12:46:07","guid":{"rendered":"http:\/\/fram.is\/?p=18570"},"modified":"2018-06-22T12:46:07","modified_gmt":"2018-06-22T12:46:07","slug":"godur-felagsmadur-kvedur-petur-bodvarsson","status":"publish","type":"post","link":"https:\/\/fram.is\/is\/2018\/06\/22\/godur-felagsmadur-kvedur-petur-bodvarsson\/","title":{"rendered":"G\u00f3\u00f0ur f\u00e9lagsma\u00f0ur kve\u00f0ur &#8211; P\u00e9tur B\u00f6\u00f0varsson"},"content":{"rendered":"<p><a href=\"http:\/\/fram.is\/is\/?attachment_id=18571\"><img fetchpriority=\"high\" decoding=\"async\" class=\"alignright size-large wp-image-18571\" src=\"http:\/\/fram.is\/wp-content\/uploads\/2018\/06\/P\u00e9tur-B\u00f6\u00f0varsson-1-3888x2592-1024x683.jpg\" alt=\"\" width=\"460\" height=\"307\" \/><\/a><a href=\"http:\/\/fram.is\/is\/?attachment_id=18572\"><img decoding=\"async\" class=\"alignright size-large wp-image-18572\" src=\"http:\/\/fram.is\/wp-content\/uploads\/2018\/06\/P\u00e9tur-B\u00f6\u00f0varsson-2-4167x2716-1024x667.jpg\" alt=\"\" width=\"460\" height=\"300\" \/><\/a>P\u00e9tur B\u00f6\u00f0varsson F: 19. \u00e1g\u00fast 1948. D: 18. j\u00fan\u00ed 2018.<\/p>\n<p>Vi\u00f0 fr\u00e1fall P\u00e9turs B\u00f6\u00f0varssonar sj\u00e1 Framarar \u00e1 eftir g\u00f3\u00f0um f\u00e9lagsmanni. P\u00e9tur f\u00e6ddist sem Framari. Fa\u00f0ir hans var B\u00f6\u00f0var P\u00e9tursson, verslunarma\u00f0ur \u2013 starfsma\u00f0ur hj\u00e1 b\u00f3ka\u00fatg\u00e1funni Helgafelli; s\u00ed\u00f0ar Vaka-Helgafell og stj\u00f3rnarma\u00f0ur \u00ed VR til margra \u00e1ra. B\u00f6\u00f0var l\u00e9k knattspyrnu me\u00f0 Fram og var\u00f0 s\u00ed\u00f0ar \u00f6flugur f\u00e9lagsma\u00f0ur og sat \u00ed a\u00f0alstj\u00f3rn Fram um \u00e1rabil.<\/p>\n<p>P\u00e9tur, sem var drengur g\u00f3\u00f0ur \u2013 l\u00e9ttur og spaugsamur, l\u00e9k b\u00e6\u00f0i knattspyrnu og handknattleik me\u00f0 Fram. Hann var kvikur, spretthar\u00f0ur og \u00fatsj\u00f3nasamur leikma\u00f0ur, sem gaf ekkert eftir.<\/p>\n<p>P\u00e9tur h\u00e9lt ungur til Sey\u00f0isfjar\u00f0ar \u00fear sem hann var kennari og s\u00ed\u00f0an sk\u00f3lastj\u00f3ri.<\/p>\n<p>P\u00e9tur l\u00e9k me\u00f0 hinu sigurs\u00e6la handknattleiksli\u00f0i Fram sem var\u00f0 \u00cdslandsmeistari 1967 og 1968. Hann kom skemmtilega vi\u00f0 s\u00f6gu \u00feegar Fram skellti ungverska meistarali\u00f0inu Honved \u00ed vin\u00e1ttuleik \u00ed Laugardalsh\u00f6llinni \u00ed febr\u00faar 1967, 18:16.<\/p>\n<p>Gunnlaugur Hj\u00e1lmarsson f\u00f3r \u00e1 kostum \u00ed leiknum og l\u00e9k Ungverjana gr\u00e1tt og skora\u00f0i 8 m\u00f6rk. \u00dea\u00f0 m\u00e1tti lesa \u00feessa l\u00fdsingu \u00ed V\u00edsi: \u201e&#8230; og enn skora\u00f0i Gunnlaugur, eftir a\u00f0 hinn ungi og efnilegi leikma\u00f0ur Fram, P\u00e9tur B\u00f6\u00f0varsson, \u201edribblar\u201d eins og alvanur k\u00f6rfuboltama\u00f0ur og gaf \u00e1 Gunnlaug fr\u00edan \u00e1 l\u00ednu, sem skora\u00f0i 17:13.\u201d<\/p>\n<p>\u00dea\u00f0 var greinilegt a\u00f0 \u00ed\u00fer\u00f3ttafr\u00e9ttama\u00f0urinn sem skrifa\u00f0i \u00feetta var ekki me\u00f0 \u00e1 n\u00f3tunum. Hann haf\u00f0i ekki fylgst vel me\u00f0 k\u00f6rfuknattleiks\u00ed\u00fer\u00f3ttinni \u00e1 \u00cdslandi. P\u00e9tur var einn af bur\u00f0ar\u00e1sum \u00cdR-li\u00f0sins \u00ed k\u00f6rfuknattleik \u00e1 \u00feessum t\u00edma\u00a0 og margfaldur \u00cdslandsmeistari me\u00f0 li\u00f0inu. \u00dea\u00f0 var \u00fev\u00ed ekki nema von a\u00f0 hann hafi raki\u00f0 kn\u00f6ttinn fram v\u00f6llinn &#8211; eins og alvanur k\u00f6rfuknattleiksma\u00f0ur!<\/p>\n<p>\u00de\u00f3 a\u00f0 P\u00e9tur hafi ekki veri\u00f0 h\u00e1r \u00ed loftinu gaf hann h\u00e1v\u00f6xnum k\u00f6rfuknattleiksm\u00f6nnum ekkert eftir &#8211; var leikinn bakv\u00f6r\u00f0ur, sem f\u00f3r vel me\u00f0 kn\u00f6ttinn og s\u00fdndi og sanna\u00f0i a\u00f0: Margur er kn\u00e1r \u00fe\u00f3tt hann s\u00e9 sm\u00e1r!<\/p>\n<p>H\u00e9r \u00e1 myndunum, m\u00e1 sj\u00e1 P\u00e9tur B\u00f6\u00f0varsson \u00ed g\u00f3\u00f0ra vina h\u00f3pi \u00ed Framheimilinu \u00feegar \u00feeir leikmenn Fram sem h\u00f6f\u00f0u leiki\u00f0 Evr\u00f3puleiki komu saman 2012. Gu\u00f0r\u00fan Ingimundard\u00f3ttir, \u00c1g\u00fast \u00de\u00f3r Oddgeirsson, P\u00e9tur, Bjarney Valdimarsd\u00f3ttir, Halld\u00f3ra Gu\u00f0mundsd\u00f3ttir og P\u00e9tur J\u00f3hannesson.<br \/>\n\u00c1 hinni myndinni er \u00cdslandsmeistarali\u00f0 Fram \u00ed handknattleik 1967 &#8211; aftari r\u00f6\u00f0 fr\u00e1 vinstri: Sigurbergur Sigsteinsson, Gunnlaugur Hj\u00e1lmarsson, Gylfi J\u00f3hannesson, Ing\u00f3lfur \u00d3skarsson, Arnar Gu\u00f0laugsson og Birgir L\u00fa\u00f0v\u00edksson, forma\u00f0ur handknattleiksdeildar. Fremri r\u00f6\u00f0: Gu\u00f0j\u00f3n J\u00f3nsson, P\u00e9tur B\u00f6\u00f0varsson, \u00deorsteinn Bj\u00f6rnsson, Karl G. Benediktsson, \u00fej\u00e1lfari, Halld\u00f3r Sigur\u00f0sson, T\u00f3mas T\u00f3masson og Sigur\u00f0ur Einarsson.<\/p>\n<p>Framarar kve\u00f0ja P\u00e9tur B\u00f6\u00f0varsson me\u00f0 hl\u00edhug og s\u00f6knu\u00f0i.<\/p>\n<p>Sigmundur \u00d3. Steinarsson.<\/p>\n<p>* \u00datf\u00f6r P\u00e9turs fer fram fr\u00e1 Grafarvogskirkju \u00feri\u00f0judaginn 26. j\u00fan\u00ed 2016, kl. 11.<\/p>","protected":false},"excerpt":{"rendered":"<p>P\u00e9tur B\u00f6\u00f0varsson F: 19. \u00e1g\u00fast 1948. D: 18. j\u00fan\u00ed 2018. Vi\u00f0 fr\u00e1fall P\u00e9turs B\u00f6\u00f0varssonar sj\u00e1 Framarar \u00e1 eftir g\u00f3\u00f0um f\u00e9lagsmanni. P\u00e9tur f\u00e6ddist sem Framari. Fa\u00f0ir hans var B\u00f6\u00f0var P\u00e9tursson, verslunarma\u00f0ur [&hellip;]<\/p>","protected":false},"author":4,"featured_media":10978,"comment_status":"open","ping_status":"open","sticky":false,"template":"","format":"standard","meta":{"_monsterinsights_skip_tracking":false,"_monsterinsights_sitenote_active":false,"_monsterinsights_sitenote_note":"","_monsterinsights_sitenote_category":0,"_jetpack_memberships_contains_paid_content":false,"footnotes":""},"categories":[8,10],"tags":[],"class_list":["post-18570","post","type-post","status-publish","format-standard","has-post-thumbnail","hentry","category-adalstjorn","category-frettir"],"jetpack_sharing_enabled":true,"jetpack_featured_media_url":"https:\/\/fram.is\/wp-content\/uploads\/2015\/08\/FRAMf\u00e1ni-vefur-scaled.jpg","_links":{"self":[{"href":"https:\/\/fram.is\/is\/wp-json\/wp\/v2\/posts\/18570","targetHints":{"allow":["GET"]}}],"collection":[{"href":"https:\/\/fram.is\/is\/wp-json\/wp\/v2\/posts"}],"about":[{"href":"https:\/\/fram.is\/is\/wp-json\/wp\/v2\/types\/post"}],"author":[{"embeddable":true,"href":"https:\/\/fram.is\/is\/wp-json\/wp\/v2\/users\/4"}],"replies":[{"embeddable":true,"href":"https:\/\/fram.is\/is\/wp-json\/wp\/v2\/comments?post=18570"}],"version-history":[{"count":0,"href":"https:\/\/fram.is\/is\/wp-json\/wp\/v2\/posts\/18570\/revisions"}],"wp:featuredmedia":[{"embeddable":true,"href":"https:\/\/fram.is\/is\/wp-json\/wp\/v2\/media\/10978"}],"wp:attachment":[{"href":"https:\/\/fram.is\/is\/wp-json\/wp\/v2\/media?parent=18570"}],"wp:term":[{"taxonomy":"category","embeddable":true,"href":"https:\/\/fram.is\/is\/wp-json\/wp\/v2\/categories?post=18570"},{"taxonomy":"post_tag","embeddable":true,"href":"https:\/\/fram.is\/is\/wp-json\/wp\/v2\/tags?post=18570"}],"curies":[{"name":"wp","href":"https:\/\/api.w.org\/{rel}","templated":true}]}}