{"id":18607,"date":"2018-07-03T09:04:33","date_gmt":"2018-07-03T09:04:33","guid":{"rendered":"http:\/\/fram.is\/?p=18607"},"modified":"2018-07-03T09:04:33","modified_gmt":"2018-07-03T09:04:33","slug":"framarar-perla-af-krafti-11-juli","status":"publish","type":"post","link":"https:\/\/fram.is\/is\/2018\/07\/03\/framarar-perla-af-krafti-11-juli\/","title":{"rendered":"Framarar perla af Krafti 11. j\u00fal\u00ed"},"content":{"rendered":"<p><a href=\"http:\/\/fram.is\/wp-content\/uploads\/2018\/07\/perlad-ithrottafelog_fram.jpg\"><img decoding=\"async\" src=\"http:\/\/fram.is\/wp-content\/uploads\/2018\/07\/perlad-ithrottafelog_fram-300x157.jpg\" alt=\"\" width=\"300\" height=\"157\" class=\"alignright size-medium wp-image-18608\" srcset=\"https:\/\/fram.is\/wp-content\/uploads\/2018\/07\/perlad-ithrottafelog_fram-300x157.jpg 300w, https:\/\/fram.is\/wp-content\/uploads\/2018\/07\/perlad-ithrottafelog_fram-scaled-800x418.jpg 800w, https:\/\/fram.is\/wp-content\/uploads\/2018\/07\/perlad-ithrottafelog_fram-1024x535.jpg 1024w, https:\/\/fram.is\/wp-content\/uploads\/2018\/07\/perlad-ithrottafelog_fram-768x402.jpg 768w, https:\/\/fram.is\/wp-content\/uploads\/2018\/07\/perlad-ithrottafelog_fram-1536x803.jpg 1536w, https:\/\/fram.is\/wp-content\/uploads\/2018\/07\/perlad-ithrottafelog_fram-2048x1071.jpg 2048w\" sizes=\"(max-width: 300px) 100vw, 300px\" \/><\/a>Komdu og hj\u00e1lpa\u00f0u Fram a\u00f0 n\u00e1 perlubikarnum til s\u00edn!<\/p>\n<p>Mi\u00f0vikudaginn 11. j\u00fal\u00ed milli kl. 15 &#8211; 19 \u00ed \u00ed\u00fer\u00f3ttah\u00fasi Fram \u00ed Safam\u00fdri \u00e6tlar Knattspyrnuf\u00e9lagi\u00f0 Fram a\u00f0 reyna vi\u00f0 Perlubikarinn svokalla\u00f0an. En Perlubikarinn hl\u00fdtur \u00fea\u00f0 \u00ed\u00fer\u00f3ttaf\u00e9lag og\/e\u00f0a b\u00e6jarf\u00e9lag sem n\u00e6r a\u00f0 perla, \u00e1 fj\u00f3rum klukkustundum, flest armb\u00f6nd til styrktar Krafti.<\/p>\n<p>Me\u00f0 \u00fev\u00ed a\u00f0 taka \u00fe\u00e1tt \u00ed vi\u00f0bur\u00f0inum getur Fram \u00e1tt m\u00f6guleika \u00e1 a\u00f0 hreppa perlubikarinn en til \u00feess \u00fearf a\u00f0 perla meira en 2308 armb\u00f6nd \u00e1 fj\u00f3rum t\u00edmum en \u00fea\u00f0 met settu Sunnlendingar 20. j\u00fan\u00ed s\u00ed\u00f0astli\u00f0inn. Sunnlendingar n\u00e1\u00f0u \u00fe\u00e1 bikarnum af Akureyringum og muna\u00f0i aldeilis mj\u00f3u \u00fear sem Akureyringar voru me\u00f0 2302 perlu\u00f0 armb\u00f6nd. Perlubikarinn hlj\u00f3ta \u00feeir vi\u00f0bur\u00f0arhaldarar sem a\u00f0 n\u00e1 a\u00f0 perla sem flest armb\u00f6nd.<\/p>\n<p>Armb\u00f6ndin sem um r\u00e6\u00f0ir eru \u00ed f\u00e1nalitunum og eru \u00feau seld til stu\u00f0nings Krafti og s\u00fdna einnig samst\u00f6\u00f0u me\u00f0 \u00edslenska f\u00f3tboltali\u00f0inu \u00e1 HM. Armb\u00f6ndin eru me\u00f0 \u00e1letruninni \u201eL\u00edfi\u00f0 er n\u00fana\u201c og eru au\u00f0veld \u00ed samsetningu svo a\u00f0 allir geta teki\u00f0 \u00fe\u00e1tt, b\u00f6rn sem fullor\u00f0nir. <\/p>\n<p>Vi\u00f0 hvetjum Fram, leikmenn og stu\u00f0ningsmenn, a\u00f0 taka \u00fe\u00e1tt \u00ed \u00feessu skemmtilega verkefni me\u00f0 okkur. \u00d6ll armb\u00f6ndin eru perlu\u00f0 \u00ed sj\u00e1lfbo\u00f0avinnu og \u00fev\u00ed mikil hugsj\u00f3n bakvi\u00f0 hvert armband. Allur \u00e1g\u00f3\u00f0i af s\u00f6lu armbandanna rennur til Krafts &#8211; stu\u00f0ningsf\u00e9lags fyrir ungt f\u00f3lk sem greinst hefur me\u00f0 krabbamein og a\u00f0standendur og er h\u00e6gt a\u00f0 kaupa armb\u00f6ndin l\u00edka strax \u00e1 sta\u00f0num. <\/p>\n<p>\u00deetta er skemmtileg stund fyrir alla fj\u00f6lskylduna og tilvali\u00f0 t\u00e6kif\u00e6ri a\u00f0 l\u00e1ta gott af s\u00e9r lei\u00f0a og a\u00f0 sj\u00e1lfs\u00f6g\u00f0u ver\u00f0ur heitt \u00e1 k\u00f6nnunni!<\/p>\n<p>KOMI\u00d0 OG PERLI\u00d0 AF KRAFTI \u2665<\/p>","protected":false},"excerpt":{"rendered":"<p>Komdu og hj\u00e1lpa\u00f0u Fram a\u00f0 n\u00e1 perlubikarnum til s\u00edn! Mi\u00f0vikudaginn 11. j\u00fal\u00ed milli kl. 15 &#8211; 19 \u00ed \u00ed\u00fer\u00f3ttah\u00fasi Fram \u00ed Safam\u00fdri \u00e6tlar Knattspyrnuf\u00e9lagi\u00f0 Fram a\u00f0 reyna vi\u00f0 Perlubikarinn svokalla\u00f0an. [&hellip;]<\/p>","protected":false},"author":6,"featured_media":18608,"comment_status":"open","ping_status":"open","sticky":false,"template":"","format":"standard","meta":{"_monsterinsights_skip_tracking":false,"_monsterinsights_sitenote_active":false,"_monsterinsights_sitenote_note":"","_monsterinsights_sitenote_category":0,"_jetpack_memberships_contains_paid_content":false,"footnotes":""},"categories":[1],"tags":[],"class_list":["post-18607","post","type-post","status-publish","format-standard","has-post-thumbnail","hentry","category-uncategorized"],"jetpack_sharing_enabled":true,"jetpack_featured_media_url":"https:\/\/fram.is\/wp-content\/uploads\/2018\/07\/perlad-ithrottafelog_fram-scaled.jpg","_links":{"self":[{"href":"https:\/\/fram.is\/is\/wp-json\/wp\/v2\/posts\/18607","targetHints":{"allow":["GET"]}}],"collection":[{"href":"https:\/\/fram.is\/is\/wp-json\/wp\/v2\/posts"}],"about":[{"href":"https:\/\/fram.is\/is\/wp-json\/wp\/v2\/types\/post"}],"author":[{"embeddable":true,"href":"https:\/\/fram.is\/is\/wp-json\/wp\/v2\/users\/6"}],"replies":[{"embeddable":true,"href":"https:\/\/fram.is\/is\/wp-json\/wp\/v2\/comments?post=18607"}],"version-history":[{"count":0,"href":"https:\/\/fram.is\/is\/wp-json\/wp\/v2\/posts\/18607\/revisions"}],"wp:featuredmedia":[{"embeddable":true,"href":"https:\/\/fram.is\/is\/wp-json\/wp\/v2\/media\/18608"}],"wp:attachment":[{"href":"https:\/\/fram.is\/is\/wp-json\/wp\/v2\/media?parent=18607"}],"wp:term":[{"taxonomy":"category","embeddable":true,"href":"https:\/\/fram.is\/is\/wp-json\/wp\/v2\/categories?post=18607"},{"taxonomy":"post_tag","embeddable":true,"href":"https:\/\/fram.is\/is\/wp-json\/wp\/v2\/tags?post=18607"}],"curies":[{"name":"wp","href":"https:\/\/api.w.org\/{rel}","templated":true}]}}