{"id":18616,"date":"2018-07-06T14:21:58","date_gmt":"2018-07-06T14:21:58","guid":{"rendered":"http:\/\/fram.is\/?p=18616"},"modified":"2018-07-06T14:21:58","modified_gmt":"2018-07-06T14:21:58","slug":"viktor-gisli-valinn-i-landslid-islands-u18-3","status":"publish","type":"post","link":"https:\/\/fram.is\/is\/2018\/07\/06\/viktor-gisli-valinn-i-landslid-islands-u18-3\/","title":{"rendered":"Viktor G\u00edsli valinn \u00ed landsli\u00f0 \u00cdslands U18"},"content":{"rendered":"<p><a href=\"http:\/\/fram.is\/is\/2017\/03\/horkuleikur-i-safamyrinni-i-kvold\/viktor-gegn-grottu\/\"><img fetchpriority=\"high\" decoding=\"async\" class=\"alignright size-medium wp-image-15111\" src=\"http:\/\/fram.is\/wp-content\/uploads\/2017\/03\/viktor-gegn-Gr\u00f3ttu-300x300.jpg\" alt=\"\" width=\"300\" height=\"300\" \/><\/a>Heimir R\u00edkar\u00f0sson hefur vali\u00f0 \u00fe\u00e1 16 leikmenn sem fara fyrir \u00cdslands h\u00f6nd \u00e1 EM 18 \u00e1ra landsli\u00f0a \u00ed Kr\u00f3at\u00edu 8. \u2013 20. \u00e1g\u00fast. \u00cdslenska li\u00f0i\u00f0 leikur \u00fear \u00ed D-ri\u00f0li me\u00f0 Sl\u00f3ven\u00edu, Sv\u00ed\u00fej\u00f3\u00f0 og P\u00f3llandi.<br \/>\nRi\u00f0illinn er leikinn \u00ed Vara\u017edin, nyrst \u00ed Kr\u00f3at\u00edu. \u00deeim sem vilja fylgjast me\u00f0 gangi m\u00e1la er bent \u00e1 heimas\u00ed\u00f0u m\u00f3tsins http:\/\/m18euro2018.com\/<\/p>\n<p>Leikir \u00cdsland \u00ed ri\u00f0lakeppninni:<br \/>\n9. \u00e1g\u00fast\u00a0 kl. 14.30 \u00cdsland \u2013 P\u00f3lland<br \/>\n10. \u00e1g\u00fast kl. 14:30 \u00cdsland \u2013 Sv\u00ed\u00fej\u00f3\u00f0<br \/>\n12. \u00e1g\u00fast kl. 12.30 Sl\u00f3ven\u00eda \u2013 \u00cdsland \u00a0*ATH \u00edslenskir t\u00edmar.<\/p>\n<p>Vi\u00f0 FRAMarar erum stoltir af \u00fev\u00ed a\u00f0 eiga einn fulltr\u00faa \u00ed \u00feessum lokah\u00f3pi \u00cdslands en markv\u00f6r\u00f0ur okkar FRAMara Viktor G\u00edsli Hallgr\u00edmsson var valinn fr\u00e1 FRAM.<\/p>\n<p>Viktor G\u00edsli Hallgr\u00edmsson\u00a0\u00a0\u00a0\u00a0\u00a0\u00a0\u00a0\u00a0\u00a0\u00a0\u00a0\u00a0\u00a0\u00a0\u00a0\u00a0\u00a0\u00a0\u00a0\u00a0\u00a0\u00a0\u00a0\u00a0\u00a0\u00a0\u00a0\u00a0\u00a0\u00a0\u00a0 FRAM<\/p>\n<p>Gangi \u00fe\u00e9r vel Viktor G\u00edsli.<\/p>\n<p>\u00c1FRAM FRAM<\/p>","protected":false},"excerpt":{"rendered":"<p>Heimir R\u00edkar\u00f0sson hefur vali\u00f0 \u00fe\u00e1 16 leikmenn sem fara fyrir \u00cdslands h\u00f6nd \u00e1 EM 18 \u00e1ra landsli\u00f0a \u00ed Kr\u00f3at\u00edu 8. \u2013 20. \u00e1g\u00fast. \u00cdslenska li\u00f0i\u00f0 leikur \u00fear \u00ed D-ri\u00f0li me\u00f0 [&hellip;]<\/p>","protected":false},"author":4,"featured_media":16902,"comment_status":"open","ping_status":"open","sticky":false,"template":"","format":"standard","meta":{"_monsterinsights_skip_tracking":false,"_monsterinsights_sitenote_active":false,"_monsterinsights_sitenote_note":"","_monsterinsights_sitenote_category":0,"_jetpack_memberships_contains_paid_content":false,"footnotes":""},"categories":[7,6,19],"tags":[],"class_list":["post-18616","post","type-post","status-publish","format-standard","has-post-thumbnail","hentry","category-yngri-flokkar","category-handbolti","category-mfl-karla"],"jetpack_sharing_enabled":true,"jetpack_featured_media_url":"https:\/\/fram.is\/wp-content\/uploads\/2017\/12\/Viktor-gegn-Stj\u00f6rnunni-vefur.jpg","_links":{"self":[{"href":"https:\/\/fram.is\/is\/wp-json\/wp\/v2\/posts\/18616","targetHints":{"allow":["GET"]}}],"collection":[{"href":"https:\/\/fram.is\/is\/wp-json\/wp\/v2\/posts"}],"about":[{"href":"https:\/\/fram.is\/is\/wp-json\/wp\/v2\/types\/post"}],"author":[{"embeddable":true,"href":"https:\/\/fram.is\/is\/wp-json\/wp\/v2\/users\/4"}],"replies":[{"embeddable":true,"href":"https:\/\/fram.is\/is\/wp-json\/wp\/v2\/comments?post=18616"}],"version-history":[{"count":0,"href":"https:\/\/fram.is\/is\/wp-json\/wp\/v2\/posts\/18616\/revisions"}],"wp:featuredmedia":[{"embeddable":true,"href":"https:\/\/fram.is\/is\/wp-json\/wp\/v2\/media\/16902"}],"wp:attachment":[{"href":"https:\/\/fram.is\/is\/wp-json\/wp\/v2\/media?parent=18616"}],"wp:term":[{"taxonomy":"category","embeddable":true,"href":"https:\/\/fram.is\/is\/wp-json\/wp\/v2\/categories?post=18616"},{"taxonomy":"post_tag","embeddable":true,"href":"https:\/\/fram.is\/is\/wp-json\/wp\/v2\/tags?post=18616"}],"curies":[{"name":"wp","href":"https:\/\/api.w.org\/{rel}","templated":true}]}}