{"id":18696,"date":"2018-08-01T12:52:52","date_gmt":"2018-08-01T12:52:52","guid":{"rendered":"http:\/\/fram.is\/?p=18696"},"modified":"2018-08-01T12:52:52","modified_gmt":"2018-08-01T12:52:52","slug":"skraningu-a-fram-open-lykur-midvikudaginn-8-agust","status":"publish","type":"post","link":"https:\/\/fram.is\/is\/2018\/08\/01\/skraningu-a-fram-open-lykur-midvikudaginn-8-agust\/","title":{"rendered":"Skr\u00e1ningu \u00e1 FRAM Open l\u00fdkur mi\u00f0vikudaginn 8. \u00e1g\u00fast."},"content":{"rendered":"<p><a href=\"http:\/\/fram.is\/is\/2018\/07\/skraning-a-fram-open-2018-hafinn-munid-ad-boka-timanlega\/fram-open-2018\/\"><img fetchpriority=\"high\" decoding=\"async\" class=\"alignright size-medium wp-image-18632\" src=\"http:\/\/fram.is\/wp-content\/uploads\/2018\/07\/FRAM-Open-2018-300x216.jpg\" alt=\"\" width=\"300\" height=\"216\" \/><\/a>S\u00e6lir FRAMarar<\/p>\n<p><strong>Skr\u00e1ningu \u00e1 FRAM Open l\u00fdkur mi\u00f0vikudaginn 8. \u00e1g\u00fast. N\u00fana eru um 20 s\u00e6ti laus, \u00fev\u00ed er um a\u00f0 gera a\u00f0 dr\u00edfa sig. <\/strong><\/p>\n<p>FRAM Open hefur \u00ed gegnum t\u00ed\u00f0ina einkennst af gle\u00f0i, glaumi og snilldartil\u00ferifum l\u00e6r\u00f0ra sem leikinna. M\u00f3ti\u00f0 er opi\u00f0 \u00f6llum FR\u00d6Murum og velunnurum f\u00e9lagsins. Stemmningin sem skapast hefur \u00e1 FRAM Open gerir \u00fea\u00f0 a\u00f0 verkum a\u00f0 gefa m\u00e6tti \u00fat r\u00edkis\u00e1byrg\u00f0 fyrir skemmtilegum f\u00e9lagsskap en m\u00f3ti\u00f0 t\u00f3kst fr\u00e1b\u00e6rlega \u00ed fyrra.<\/p>\n<p>FRAM Open 2018 fer fram \u00e1 golfvellinum \u00d6ndver\u00f0arnesi f\u00f6studaginn 10. \u00e1g\u00fast og hefst klukkan 13:00. \u00a0Hyggilegt er a\u00f0 \u00fe\u00e1tttakendur s\u00e9u m\u00e6ttir \u00e1 sv\u00e6\u00f0i\u00f0 u.\u00fe.b. h\u00e1lft\u00edma fyrr. R\u00e6st ver\u00f0ur \u00fat \u00e1 \u00f6llum teigum kl. 13:00.<\/p>\n<p>Skr\u00e1ning er hafin \u00ed s\u00edma 533-5600 e\u00f0a \u00e1\u00a0<a href=\"mailto:ludvik@fram.is\">ludvik@fram.is<\/a><\/p>\n<p>Athugi\u00f0 a\u00f0 \u00fea\u00f0 sem koma \u00fearf fram \u00ed skr\u00e1ningu er:<br \/>\n<strong>Nafn leikmanns<\/strong><br \/>\n<strong>Kennitala leikmanns<\/strong><br \/>\n<strong>Forgj\u00f6f leikmanns\u00a0<\/strong><br \/>\n<strong>\u00d3sk um a\u00f0 leika \u00ed holli me\u00f0 ?<\/strong><\/p>\n<p><strong>Netfang<\/strong><\/p>\n<p><strong>Keppnisgjaldi\u00f0 er kr. 8.500.- og \u00fearf a\u00f0 grei\u00f0a vi\u00f0 skr\u00e1ningu.\u00a0<\/strong><br \/>\nInnifali\u00f0 er m\u00f3tsgjald, teygj\u00f6f og matur eftir m\u00f3t. (lambal\u00e6ri me\u00f0 \u201ealles\u201c)<\/p>\n<p>Mikilv\u00e6gt a\u00f0 allir skr\u00e1i sig snemma \u00fev\u00ed m\u00f3ti\u00f0 var fullt \u00ed fyrra.<\/p>\n<p>Knattspyrnuf\u00e9lagi\u00f0 FRAM<\/p>\n<p>&nbsp;<\/p>","protected":false},"excerpt":{"rendered":"<p>S\u00e6lir FRAMarar Skr\u00e1ningu \u00e1 FRAM Open l\u00fdkur mi\u00f0vikudaginn 8. \u00e1g\u00fast. N\u00fana eru um 20 s\u00e6ti laus, \u00fev\u00ed er um a\u00f0 gera a\u00f0 dr\u00edfa sig. FRAM Open hefur \u00ed gegnum t\u00ed\u00f0ina [&hellip;]<\/p>","protected":false},"author":4,"featured_media":18697,"comment_status":"open","ping_status":"open","sticky":false,"template":"","format":"standard","meta":{"_monsterinsights_skip_tracking":false,"_monsterinsights_sitenote_active":false,"_monsterinsights_sitenote_note":"","_monsterinsights_sitenote_category":0,"_jetpack_memberships_contains_paid_content":false,"footnotes":""},"categories":[8,10],"tags":[],"class_list":["post-18696","post","type-post","status-publish","format-standard","has-post-thumbnail","hentry","category-adalstjorn","category-frettir"],"jetpack_sharing_enabled":true,"jetpack_featured_media_url":"https:\/\/fram.is\/wp-content\/uploads\/2018\/08\/Ing\u00f3lfur-og-sveinn-scaled.jpg","_links":{"self":[{"href":"https:\/\/fram.is\/is\/wp-json\/wp\/v2\/posts\/18696","targetHints":{"allow":["GET"]}}],"collection":[{"href":"https:\/\/fram.is\/is\/wp-json\/wp\/v2\/posts"}],"about":[{"href":"https:\/\/fram.is\/is\/wp-json\/wp\/v2\/types\/post"}],"author":[{"embeddable":true,"href":"https:\/\/fram.is\/is\/wp-json\/wp\/v2\/users\/4"}],"replies":[{"embeddable":true,"href":"https:\/\/fram.is\/is\/wp-json\/wp\/v2\/comments?post=18696"}],"version-history":[{"count":0,"href":"https:\/\/fram.is\/is\/wp-json\/wp\/v2\/posts\/18696\/revisions"}],"wp:featuredmedia":[{"embeddable":true,"href":"https:\/\/fram.is\/is\/wp-json\/wp\/v2\/media\/18697"}],"wp:attachment":[{"href":"https:\/\/fram.is\/is\/wp-json\/wp\/v2\/media?parent=18696"}],"wp:term":[{"taxonomy":"category","embeddable":true,"href":"https:\/\/fram.is\/is\/wp-json\/wp\/v2\/categories?post=18696"},{"taxonomy":"post_tag","embeddable":true,"href":"https:\/\/fram.is\/is\/wp-json\/wp\/v2\/tags?post=18696"}],"curies":[{"name":"wp","href":"https:\/\/api.w.org\/{rel}","templated":true}]}}