{"id":18712,"date":"2018-08-09T23:01:01","date_gmt":"2018-08-09T23:01:01","guid":{"rendered":"http:\/\/fram.is\/?p=18712"},"modified":"2018-08-09T23:01:01","modified_gmt":"2018-08-09T23:01:01","slug":"tuttuguogfjorirkommaatta","status":"publish","type":"post","link":"https:\/\/fram.is\/is\/2018\/08\/09\/tuttuguogfjorirkommaatta\/","title":{"rendered":"Tuttuguogfj\u00f3rirkomma\u00e1tta\u2026"},"content":{"rendered":"<p><a href=\"http:\/\/fram.is\/is\/2018\/06\/strit-umfram-vit\/img_6977\/\"><img fetchpriority=\"high\" decoding=\"async\" class=\"alignright size-large wp-image-18490\" src=\"http:\/\/fram.is\/wp-content\/uploads\/2018\/06\/IMG_6977-1024x683.jpg\" alt=\"\" width=\"460\" height=\"307\" \/><\/a>Fyrir allnokkrum \u00e1rum \u00e1kv\u00e1\u00f0u \u00edb\u00faar \u00ed b\u00e6jarf\u00e9lagi nokkru \u00fati \u00e1 landi a\u00f0 koma s\u00e9r upp sundlaug. \u00cd verki\u00f0 var r\u00e1\u00f0ist af st\u00f3rhug og ekki dug\u00f0i minna en l\u00f6gleg 25 metra keppnislaug, svo unnt v\u00e6ri a\u00f0 halda h\u00e9ra\u00f0sm\u00f3t, unglingam\u00f3t og hva\u00f0eina. Steypt var voldugt laugarker og \u00fea\u00f0 kl\u00e6tt innan me\u00f0 \u00feartilger\u00f0um d\u00fak. S\u00ed\u00f0an var kalla\u00f0ur til m\u00e6lingama\u00f0ur a\u00f0 sunnan til a\u00f0 taka \u00fat verki\u00f0.<\/p>\n<p>\u00dattektarma\u00f0urinn me\u00f0 tommustokkinn m\u00e6ldi og m\u00e6ldi. \u00dev\u00ed n\u00e6st kva\u00f0 hann upp d\u00f3m sinn: gleymst haf\u00f0i a\u00f0 reikna me\u00f0 \u00feykktinni \u00e1 d\u00faknum \u00feegar laugin var steypt. H\u00fan taldist 24,8 metrar. N\u00e6stum alveg 25 metrar, en samt bara n\u00e6stum.<\/p>\n<p>Eins og sagan af t\u00fdndu sentimetrunum \u00ed sundlauginni er n\u00fa skemmtileg, \u00fe\u00e1 ver\u00f0ur a\u00f0 segjast a\u00f0 sam\u00fa\u00f0in me\u00f0 laugarsmi\u00f0unum hefur fari\u00f0 vaxandi \u00ed sumar, eftir \u00fev\u00ed sem leikjunum hefur fj\u00f6lga\u00f0 \u00fear sem Framarar tapa stigi e\u00f0a stigum me\u00f0 m\u00f6rkum \u00ed bl\u00e1-bl\u00e1lokin, l\u00f6ngu eftir lok venjulegs leikt\u00edma. \u00deetta er or\u00f0i\u00f0 ansi \u00fer\u00e1l\u00e1tt, einkum \u00e1 m\u00f3ti rau\u00f0- og hv\u00edtkl\u00e6ddum m\u00f3therjum.<\/p>\n<p>Fyrr \u00ed sumar unnu Framarar upp tveggja marka forystu \u00de\u00f3rsara me\u00f0 miklu har\u00f0fylgi, til \u00feess eins a\u00f0 f\u00e1 bylmingsh\u00f6gg \u00ed n\u00fdrun \u00ed s\u00ed\u00f0ustu s\u00f3kn leiksins. \u00dea\u00f0 er svo sem \u00ed takt vi\u00f0 \u00farslitin gegn \u00de\u00f3r s\u00ed\u00f0ustu \u00e1rin. Einhvern veginn vir\u00f0umst vi\u00f0 alltaf tapa fyrir \u00de\u00f3r \u2013 \u00f3h\u00e1\u00f0 \u00fev\u00ed hvort \u00de\u00f3rsararnir s\u00e9u g\u00f3\u00f0ir e\u00f0a slakir. Snjallir Framarar \u00ed st\u00fakunni l\u00e9tu s\u00e9r jafnvel koma \u00ed hug \u00fea\u00f0 snilldarbrag\u00f0, hvort ekki v\u00e6ri vit a\u00f0 tapa fyrir Akureyringum \u00ed dag til \u00feess a\u00f0 losna vi\u00f0 \u00fe\u00e1 upp um deild!<\/p>\n<p>Og um t\u00edma virtist \u00fea\u00f0 vera \u00e1\u00e6tlunin! \u00de\u00f3r komst yfir eftir t\u00f3lf m\u00edn\u00fatna leik, n\u00e1lega \u00ed fyrsta f\u00e6ri leiksins, eftir klaufaleg mist\u00f6k \u00ed Framv\u00f6rninni \u00fear sem gleymdist a\u00f0 dekka einn hv\u00edtan og rau\u00f0an. \u00dea\u00f0 var ekki \u00ed s\u00ed\u00f0asta sinn \u00ed leiknum \u00fear sem frumlegar dekkingar s\u00e1ust.<\/p>\n<p>Byrjunarli\u00f0i\u00f0 var fyrirsj\u00e1anlegt, \u00fe\u00f3 me\u00f0 \u00feeirri breytingu a\u00f0 n\u00fdji ma\u00f0urinn fr\u00e1 \u00der\u00f3tti, Karl Brynjar, kom inn \u00ed v\u00f6rnina \u00ed sta\u00f0 Unnars. Hlynur og Krist\u00f3fer h\u00e9ldu s\u00ednum st\u00f6\u00f0um og vitaskuld Atli \u00ed markinu. Hei\u00f0ar Geir \u00ed sv\u00e6\u00f0inu milli varnar og mi\u00f0ju, Orri og Tiago \u00e1 mi\u00f0junni me\u00f0 Fred \u00f6rl\u00edti\u00f0 framar, Alex og Helgi \u00e1 k\u00f6ntunum og Gu\u00f0mundur frammi.<\/p>\n<p>\u00c1\u00e6tlunin: \u201elosnum vi\u00f0 \u00de\u00f3r upp \u00ed Pepsi\u201c efldist enn eftir h\u00e1lft\u00edma leik, \u00fear sem Akureyringar t\u00f3ku langa aukaspyrnu inn \u00ed mi\u00f0jan v\u00edtateig Framara, \u00fear sem engum datt \u00ed hug a\u00f0 valda fremsta \u00de\u00f3rsarann sem skalla\u00f0i au\u00f0veldlega \u00ed neti\u00f0, 0:2. \u00c1\u00f0ur h\u00f6f\u00f0u Framarar \u00fe\u00f3 a\u00f0eins gert sig l\u00edklega, \u00fear sem Karl Brynjar \u00e1tti h\u00f6rkuskalla a\u00f0 marki og sk\u00f6mmu s\u00ed\u00f0ar smaug gl\u00farin sending\/skot fr\u00e1 Alex r\u00e9tt framhj\u00e1 \u00de\u00f3rsmarkinu.<\/p>\n<p>Tveimur m\u00f6rkum undir ur\u00f0u okkar menn a\u00f0 gir\u00f0a sig \u00ed br\u00f3k og \u00fea\u00f0 sem eftir lei\u00f0 h\u00e1lfleiknum t\u00f3kst Framli\u00f0inu a\u00f0 skapa nokkur h\u00e1lff\u00e6ri. D\u00f3mari leiksins sleppti a\u00f0 \u00fev\u00ed er virtist auglj\u00f3slum v\u00edtaspyrnum \u00e1 b\u00e6\u00f0i li\u00f0. Fyrst \u00fear sem Atli kom s\u00e9r \u00ed klandur upp \u00far \u00feurru og virtist brj\u00f3ta \u00e1 s\u00f3knarmanni \u00de\u00f3rsara og \u00fev\u00ed n\u00e6st \u00feegar einum Nor\u00f0anmanninum t\u00f3kst a\u00f0 koma boltanum \u00ed eigin h\u00f6nd, \u00fear sem hann st\u00f3\u00f0 einn og \u00f3valda\u00f0ur \u00ed eigin v\u00edtateig. L\u00edklega hefur d\u00f3marinn komist a\u00f0 \u00feeirri ni\u00f0urst\u00f6\u00f0u a\u00f0 b\u00e6\u00f0i atvikin v\u00e6ru of aulaleg til a\u00f0 ver\u00f0skulda v\u00edti.<\/p>\n<p>R\u00e9tt um \u00fea\u00f0 leyti sem kaffi\u00feyrstir og ostaslaufuhungra\u00f0ir Framarar bjuggu sig undir a\u00f0 halda \u00ed kaffi, \u00e1tti Tiago flotta sendingu inn fyrir \u00de\u00f3rsv\u00f6rnina \u00fear sem Gu\u00f0mundur slap einn \u00ed gegn og minnka\u00f0i muninn, 1:2.<\/p>\n<p>Allt anna\u00f0 var a\u00f0 sj\u00e1 til Framara \u00ed seinni h\u00e1lfleik. Litlu m\u00e1tti muna a\u00f0 Gu\u00f0mundur jafna\u00f0i metin eftir f\u00e1einar m\u00edn\u00fatur, en skalla\u00f0i framhj\u00e1. Nokkrum m\u00edn\u00fatum s\u00ed\u00f0ar f\u00f3r Alex af velli, ef til vill eitthva\u00f0 meiddur, en M\u00e1r kom inn\u00e1 \u00ed sta\u00f0inn.<\/p>\n<p>Atli h\u00e9lt okkur inni \u00ed leiknum me\u00f0 gl\u00e6silegri markv\u00f6rslu eftir klukkut\u00edma leik og \u00feurfti svo nokkrum sinnum til vi\u00f0b\u00f3tar a\u00f0 gr\u00edpa inn\u00ed beint \u00ed kj\u00f6lfari\u00f0. Nokkru s\u00ed\u00f0ar ger\u00f0i Hip\u00f3l\u00edt\u00f3 s\u00edna a\u00f0ra skiptingu, \u00feegar J\u00f6kull kom inn\u00e1 fyrir Hei\u00f0ar Geir. S\u00fa skipting \u00e1tti eftir a\u00f0 borga sig. \u00cd \u00fea\u00f0 minnsta gat fr\u00e9ttaritari Frams\u00ed\u00f0unnar gat ekki betur s\u00e9\u00f0 en a\u00f0 varama\u00f0urinn leg\u00f0i upp j\u00f6fnunarmarki\u00f0 \u00e1 72. m\u00edn\u00fatu. Gu\u00f0mundur b\u00e6tti \u00fear vi\u00f0 s\u00ednu \u00f6\u00f0ru marki \u00e1 me\u00f0an \u00de\u00f3rsarar sv\u00e1fu \u00e1 ver\u00f0inum.<\/p>\n<p>Enn li\u00f0u tv\u00e6r m\u00edn\u00fatur uns einum \u00de\u00f3rsaranum fannst \u00fea\u00f0 snj\u00f6ll hugmynd a\u00f0 toga Krist\u00f3fer ni\u00f0ur \u00ed teignum. V\u00edti d\u00e6mt. Gu\u00f0mundur \u00e1 punktinn og \u00ferennan fullkomnu\u00f0! 3:2.<\/p>\n<p>Gestirnir virtust slegnir \u00fat af laginu og n\u00e6stu m\u00edn\u00fatur voru Framarar l\u00edklegri til a\u00f0 b\u00e6\u00f0a vi\u00f0 en Nor\u00f0anmenn a\u00f0 jafna. Unnar kom inn\u00e1 fyrir Orra \u00ed uppb\u00f3tart\u00edma og kampak\u00e1tir Framarar \u00e1 p\u00f6llunum byrju\u00f0u a\u00f0 rifja upp textann vi\u00f0 zigga-zagga \u00ed huganum.<\/p>\n<p>En \u00fe\u00e1 skall \u00f3g\u00e6fan \u00e1. Ekki \u00ed l\u00edki sundlaugam\u00e6lingarmanns a\u00f0 sunnan, heldur hv\u00edtkl\u00e6dd og \u00ed rau\u00f0um stuttbuxum. \u00c1 \u00feri\u00f0ju m\u00edn\u00fatu uppb\u00f3tart\u00edma var d\u00e6md rangsta\u00f0a \u00e1 Framara. Rangsta\u00f0an var tekin vel inn \u00e1 vallarhelmingi Fram \u2013 sem er\u2026 frumlegt. Boltanum var spyrnt fram, \u00fear sem Akureyringur f\u00e9ll til jar\u00f0ar. V\u00edti. Mark.<\/p>\n<p>\u00dear sem Framvefurinn er fj\u00f6lskyldus\u00ed\u00f0a sem lesinn era f b\u00f6rnum og \u00f3h\u00f6rnu\u00f0um unglingum \u00e6tlar s\u00e1 er \u00feetta ritar ekki a\u00f0 skrifa \u00feau bl\u00f3tsyr\u00f0i sem helst koma upp \u00ed hugann. Eitt stig gegn Akureyrar \u00de\u00f3rsurum \u00ed sta\u00f0 fj\u00f6gurra er sorgleg ni\u00f0ursta\u00f0a en \u00fea\u00f0 \u00fearf a\u00f0 kl\u00e1ra leikina, 24,8 er ekki n\u00f3g.<\/p>\n<p>Stef\u00e1n P\u00e1lsson<\/p>","protected":false},"excerpt":{"rendered":"<p>Fyrir allnokkrum \u00e1rum \u00e1kv\u00e1\u00f0u \u00edb\u00faar \u00ed b\u00e6jarf\u00e9lagi nokkru \u00fati \u00e1 landi a\u00f0 koma s\u00e9r upp sundlaug. \u00cd verki\u00f0 var r\u00e1\u00f0ist af st\u00f3rhug og ekki dug\u00f0i minna en l\u00f6gleg 25 metra [&hellip;]<\/p>","protected":false},"author":4,"featured_media":18653,"comment_status":"open","ping_status":"open","sticky":false,"template":"","format":"standard","meta":{"_monsterinsights_skip_tracking":false,"_monsterinsights_sitenote_active":false,"_monsterinsights_sitenote_note":"","_monsterinsights_sitenote_category":0,"_jetpack_memberships_contains_paid_content":false,"footnotes":""},"categories":[11,9],"tags":[],"class_list":["post-18712","post","type-post","status-publish","format-standard","has-post-thumbnail","hentry","category-mflkarla","category-fotbolti"],"jetpack_sharing_enabled":true,"jetpack_featured_media_url":"https:\/\/fram.is\/wp-content\/uploads\/2018\/07\/vefur-1-scaled.jpg","_links":{"self":[{"href":"https:\/\/fram.is\/is\/wp-json\/wp\/v2\/posts\/18712","targetHints":{"allow":["GET"]}}],"collection":[{"href":"https:\/\/fram.is\/is\/wp-json\/wp\/v2\/posts"}],"about":[{"href":"https:\/\/fram.is\/is\/wp-json\/wp\/v2\/types\/post"}],"author":[{"embeddable":true,"href":"https:\/\/fram.is\/is\/wp-json\/wp\/v2\/users\/4"}],"replies":[{"embeddable":true,"href":"https:\/\/fram.is\/is\/wp-json\/wp\/v2\/comments?post=18712"}],"version-history":[{"count":0,"href":"https:\/\/fram.is\/is\/wp-json\/wp\/v2\/posts\/18712\/revisions"}],"wp:featuredmedia":[{"embeddable":true,"href":"https:\/\/fram.is\/is\/wp-json\/wp\/v2\/media\/18653"}],"wp:attachment":[{"href":"https:\/\/fram.is\/is\/wp-json\/wp\/v2\/media?parent=18712"}],"wp:term":[{"taxonomy":"category","embeddable":true,"href":"https:\/\/fram.is\/is\/wp-json\/wp\/v2\/categories?post=18712"},{"taxonomy":"post_tag","embeddable":true,"href":"https:\/\/fram.is\/is\/wp-json\/wp\/v2\/tags?post=18712"}],"curies":[{"name":"wp","href":"https:\/\/api.w.org\/{rel}","templated":true}]}}