{"id":18787,"date":"2018-08-22T10:12:12","date_gmt":"2018-08-22T10:12:12","guid":{"rendered":"http:\/\/fram.is\/?p=18787"},"modified":"2018-08-22T10:12:12","modified_gmt":"2018-08-22T10:12:12","slug":"knattspyrnufelagid-fram-oskar-eftir-umsjonarmanni-og-starfsmonnum-i-ithrottaskola-fram","status":"publish","type":"post","link":"https:\/\/fram.is\/is\/2018\/08\/22\/knattspyrnufelagid-fram-oskar-eftir-umsjonarmanni-og-starfsmonnum-i-ithrottaskola-fram\/","title":{"rendered":"Knattspyrnuf\u00e9lagi\u00f0 FRAM \u00f3skar eftir umsj\u00f3narmanni og starfsm\u00f6nnum \u00ed \u00ed\u00fer\u00f3ttask\u00f3la FRAM"},"content":{"rendered":"<p><a href=\"http:\/\/fram.is\/is\/2015\/09\/ithrottaskoli-fram-safamyri-fyrir-3-6-ara\/ithrottaskoli-3-6-ara-haust-2005-003\/\"><img fetchpriority=\"high\" decoding=\"async\" class=\"alignright size-medium wp-image-11110\" src=\"http:\/\/fram.is\/wp-content\/uploads\/2015\/09\/\u00cd\u00fer\u00f3ttask\u00f3li-3-6-\u00e1ra-haust-2005-003-300x225.jpg\" alt=\"\" width=\"300\" height=\"225\" \/><\/a>Knattspyrnuf\u00e9lagi\u00f0 FRAM \u00f3skar eftir umsj\u00f3narmanni og starfsm\u00f6nnum \u00ed \u00ed\u00fer\u00f3ttask\u00f3la FRAM fyrir 3-6 \u00e1ra \u00ed H\u00e1aleitissk\u00f3la \u00ed vetur.<\/p>\n<p>Um er a\u00f0 r\u00e6\u00f0a umsj\u00f3n me\u00f0 \u00a0og vinnu vi\u00f0 \u00ed\u00fer\u00f3ttask\u00f3la barna \u00e1 laugard\u00f6gum, tv\u00f6 n\u00e1mskei\u00f0 sem eru 12 vikur \u00ed senn, fyrir \u00e1ram\u00f3t og svo eftir \u00e1ram\u00f3t.<\/p>\n<p>\u00c1g\u00e6t laun \u00ed bo\u00f0i fyrir r\u00e9ttan a\u00f0ila, kennt ver\u00f0ur \u00e1 laugard\u00f6gum fr\u00e1 kl. 10:45-11:45 \u00ed \u00ed\u00fer\u00f3ttah\u00fasi H\u00e1aleitissk\u00f3la Safam\u00fdri.<\/p>\n<p>\u00c1hugsamir vinsamlega hafi\u00f0 samband vi\u00f0 \u00de\u00f3r \u00cd\u00fer\u00f3ttastj\u00f3ra FRAM \u00ed s\u00edmar 533-5600 e\u00f0a \u00e1 <a href=\"mailto:toti@fram.is\">toti@fram.is<\/a><\/p>","protected":false},"excerpt":{"rendered":"<p>Knattspyrnuf\u00e9lagi\u00f0 FRAM \u00f3skar eftir umsj\u00f3narmanni og starfsm\u00f6nnum \u00ed \u00ed\u00fer\u00f3ttask\u00f3la FRAM fyrir 3-6 \u00e1ra \u00ed H\u00e1aleitissk\u00f3la \u00ed vetur. Um er a\u00f0 r\u00e6\u00f0a umsj\u00f3n me\u00f0 \u00a0og vinnu vi\u00f0 \u00ed\u00fer\u00f3ttask\u00f3la barna \u00e1 laugard\u00f6gum, [&hellip;]<\/p>","protected":false},"author":4,"featured_media":4128,"comment_status":"open","ping_status":"open","sticky":false,"template":"","format":"standard","meta":{"_monsterinsights_skip_tracking":false,"_monsterinsights_sitenote_active":false,"_monsterinsights_sitenote_note":"","_monsterinsights_sitenote_category":0,"_jetpack_memberships_contains_paid_content":false,"footnotes":""},"categories":[8,10],"tags":[],"class_list":["post-18787","post","type-post","status-publish","format-standard","has-post-thumbnail","hentry","category-adalstjorn","category-frettir"],"jetpack_sharing_enabled":true,"jetpack_featured_media_url":"https:\/\/fram.is\/wp-content\/uploads\/2013\/08\/i\u00fer-2013.jpg","_links":{"self":[{"href":"https:\/\/fram.is\/is\/wp-json\/wp\/v2\/posts\/18787","targetHints":{"allow":["GET"]}}],"collection":[{"href":"https:\/\/fram.is\/is\/wp-json\/wp\/v2\/posts"}],"about":[{"href":"https:\/\/fram.is\/is\/wp-json\/wp\/v2\/types\/post"}],"author":[{"embeddable":true,"href":"https:\/\/fram.is\/is\/wp-json\/wp\/v2\/users\/4"}],"replies":[{"embeddable":true,"href":"https:\/\/fram.is\/is\/wp-json\/wp\/v2\/comments?post=18787"}],"version-history":[{"count":0,"href":"https:\/\/fram.is\/is\/wp-json\/wp\/v2\/posts\/18787\/revisions"}],"wp:featuredmedia":[{"embeddable":true,"href":"https:\/\/fram.is\/is\/wp-json\/wp\/v2\/media\/4128"}],"wp:attachment":[{"href":"https:\/\/fram.is\/is\/wp-json\/wp\/v2\/media?parent=18787"}],"wp:term":[{"taxonomy":"category","embeddable":true,"href":"https:\/\/fram.is\/is\/wp-json\/wp\/v2\/categories?post=18787"},{"taxonomy":"post_tag","embeddable":true,"href":"https:\/\/fram.is\/is\/wp-json\/wp\/v2\/tags?post=18787"}],"curies":[{"name":"wp","href":"https:\/\/api.w.org\/{rel}","templated":true}]}}