{"id":19136,"date":"2018-10-07T17:58:15","date_gmt":"2018-10-07T17:58:15","guid":{"rendered":"http:\/\/fram.is\/?p=19136"},"modified":"2018-10-07T17:58:15","modified_gmt":"2018-10-07T17:58:15","slug":"tap-gegn-haukum-i-olisdeild-karla-3","status":"publish","type":"post","link":"https:\/\/fram.is\/is\/2018\/10\/07\/tap-gegn-haukum-i-olisdeild-karla-3\/","title":{"rendered":"Tap gegn Haukum \u00ed Ol\u00edsdeild karla"},"content":{"rendered":"<p><a href=\"http:\/\/fram.is\/is\/2017\/04\/tap-gegn-haukur-i-svakaleik-i-safamyrinni\/valdi\/\"><img fetchpriority=\"high\" decoding=\"async\" class=\"alignright size-medium wp-image-15394\" src=\"http:\/\/fram.is\/wp-content\/uploads\/2017\/04\/Valdi-300x261.jpg\" alt=\"\" width=\"300\" height=\"261\" \/><\/a>Str\u00e1karnir okkar \u00ed handboltnum m\u00e6ttu Haukum a\u00f0 \u00c1sv\u00f6llum \u00ed dag.\u00a0 Lj\u00f3st a\u00f0 vi\u00f0 yr\u00f0um a\u00f0 spila mj\u00f6g vel, Haukar me\u00f0 mj\u00f6g vel manna\u00f0 li\u00f0.<\/p>\n<p>Leikurinn byrja\u00f0i \u00e1g\u00e6tlega en \u00ed st\u00f6\u00f0unni 3-3 misstum vi\u00f0 \u00fe\u00e1 fr\u00e1 okkur og vi\u00f0 n\u00e1\u00f0um ekkert \u00ed skotti\u00f0 \u00e1 \u00feeim fyrr en \u00ed st\u00f6\u00f0unni 9-8, eftir \u00e1g\u00e6ta rispu.\u00a0 Vi\u00f0 n\u00e1\u00f0um a\u00f0 halda a\u00f0eins \u00ed vi\u00f0 \u00fe\u00e1 en \u00e1ttum svo vondan kafla undir lokin og sta\u00f0an \u00ed h\u00e1lfleik 18-14. Vont a\u00f0 n\u00e1 ekki a\u00f0 kl\u00e1ra h\u00e1lfleikinn betur.<\/p>\n<p>\u00dea\u00f0 er miki\u00f0 a\u00f0 f\u00e1 \u00e1 sig 18 m\u00f6rk og lj\u00f3st a\u00f0 vi\u00f0 \u00feyrftum a\u00f0 gera betur s\u00e9rstaklega varnarlega.<\/p>\n<p>S\u00ed\u00f0ari h\u00e1lfleikur byrja\u00f0i svo \u00e1g\u00e6tlega, st\u00f3\u00f0um betur varnarlega og fengum au\u00f0veld m\u00f6rk, sta\u00f0an eftir 40 m\u00edn.\u00a0 21-20.\u00a0 Vi\u00f0 n\u00e1\u00f0um ekki a\u00f0 fylgja \u00feessu eftir, misstum \u00fe\u00e1 jafnt og \u00fe\u00e9tt fram \u00far okkur og \u00e1\u00f0ur en vi\u00f0 vissum af var munurinn kominn \u00ed 6 m\u00f6rk.\u00a0 Okkur gekk illa a\u00f0 skora og \u00feeir keyr\u00f0u yfir okkur.<br \/>\nVi\u00f0 n\u00e1\u00f0um a\u00f0 minnka muninn \u00ed 3 m\u00f6rk \u00feegar um 5 m\u00edn. voru eftir en \u00fe\u00e1 \u00feurfa menn a\u00f0 taka sm\u00e1 \u00e1h\u00e6ttu og \u00fea\u00f0 gekk ekki upp \u00ed dag. Lokat\u00f6lur 34 -28.<\/p>\n<p>Vi\u00f0 vorum ekki a\u00f0 spila n\u00f3gu vel \u00ed dag, varnarlega vorum vi\u00f0 ekki a\u00f0 r\u00e1\u00f0a vi\u00f0 verkefni\u00f0 og fengum \u00e1 okkur miki\u00f0 af m\u00f6rkum \u00far opnum f\u00e6rum.\u00a0 S\u00f3knarlega vorum vi\u00f0 \u00e1 l\u00f6ngum k\u00f6flum h\u00e6gir a\u00f0 m\u00e9r fannst og Haukarnir n\u00e1\u00f0u a\u00f0 lesa okkur vel.\u00a0 M\u00e9r fannst vanta meiri vilja og kraft \u00ed okkur \u00ed dag, p\u00ednu flatt allt hj\u00e1 okkur.\u00a0 \u00dea\u00f0 vanta\u00f0i bara meiri tr\u00fa \u00e1 verkefni\u00f0 a\u00f0 m\u00e9r fannst, veit a\u00f0 vi\u00f0 getum gert mun betur.<\/p>\n<p>N\u00e6sti leikur ver\u00f0ur \u00e1 heimavelli gegn Akureyri um n\u00e6stu helgi, fylgist me\u00f0.<\/p>\n<p>\u00c1FRAM FRAM<\/p>","protected":false},"excerpt":{"rendered":"<p>Str\u00e1karnir okkar \u00ed handboltnum m\u00e6ttu Haukum a\u00f0 \u00c1sv\u00f6llum \u00ed dag.\u00a0 Lj\u00f3st a\u00f0 vi\u00f0 yr\u00f0um a\u00f0 spila mj\u00f6g vel, Haukar me\u00f0 mj\u00f6g vel manna\u00f0 li\u00f0. Leikurinn byrja\u00f0i \u00e1g\u00e6tlega en \u00ed st\u00f6\u00f0unni [&hellip;]<\/p>","protected":false},"author":4,"featured_media":15311,"comment_status":"open","ping_status":"open","sticky":false,"template":"","format":"standard","meta":{"_monsterinsights_skip_tracking":false,"_monsterinsights_sitenote_active":false,"_monsterinsights_sitenote_note":"","_monsterinsights_sitenote_category":0,"_jetpack_memberships_contains_paid_content":false,"footnotes":""},"categories":[6,19],"tags":[],"class_list":["post-19136","post","type-post","status-publish","format-standard","has-post-thumbnail","hentry","category-handbolti","category-mfl-karla"],"jetpack_sharing_enabled":true,"jetpack_featured_media_url":"https:\/\/fram.is\/wp-content\/uploads\/2017\/04\/Gauti-gegn-val-vefur.jpg","_links":{"self":[{"href":"https:\/\/fram.is\/is\/wp-json\/wp\/v2\/posts\/19136","targetHints":{"allow":["GET"]}}],"collection":[{"href":"https:\/\/fram.is\/is\/wp-json\/wp\/v2\/posts"}],"about":[{"href":"https:\/\/fram.is\/is\/wp-json\/wp\/v2\/types\/post"}],"author":[{"embeddable":true,"href":"https:\/\/fram.is\/is\/wp-json\/wp\/v2\/users\/4"}],"replies":[{"embeddable":true,"href":"https:\/\/fram.is\/is\/wp-json\/wp\/v2\/comments?post=19136"}],"version-history":[{"count":0,"href":"https:\/\/fram.is\/is\/wp-json\/wp\/v2\/posts\/19136\/revisions"}],"wp:featuredmedia":[{"embeddable":true,"href":"https:\/\/fram.is\/is\/wp-json\/wp\/v2\/media\/15311"}],"wp:attachment":[{"href":"https:\/\/fram.is\/is\/wp-json\/wp\/v2\/media?parent=19136"}],"wp:term":[{"taxonomy":"category","embeddable":true,"href":"https:\/\/fram.is\/is\/wp-json\/wp\/v2\/categories?post=19136"},{"taxonomy":"post_tag","embeddable":true,"href":"https:\/\/fram.is\/is\/wp-json\/wp\/v2\/tags?post=19136"}],"curies":[{"name":"wp","href":"https:\/\/api.w.org\/{rel}","templated":true}]}}