{"id":19321,"date":"2018-10-21T22:08:11","date_gmt":"2018-10-21T22:08:11","guid":{"rendered":"http:\/\/fram.is\/?p=19321"},"modified":"2018-10-21T22:08:11","modified_gmt":"2018-10-21T22:08:11","slug":"og-andleysi-i-safamyri","status":"publish","type":"post","link":"https:\/\/fram.is\/is\/2018\/10\/21\/og-andleysi-i-safamyri\/","title":{"rendered":"Og andleysi \u00ed Safam\u00fdri"},"content":{"rendered":"<figure id=\"attachment_19295\" aria-describedby=\"caption-attachment-19295\" style=\"width: 300px\" class=\"wp-caption alignright\"><a href=\"http:\/\/fram.is\/is\/fram-handbolti-mfl-kvenna-11\/\"><img fetchpriority=\"high\" decoding=\"async\" class=\"size-medium wp-image-19295\" src=\"http:\/\/fram.is\/wp-content\/uploads\/2018\/10\/1.-Erla-R\u00f3s-Sigmarsd\u00f3ttir-300x300.jpg\" alt=\"\" width=\"300\" height=\"300\" \/><\/a><figcaption id=\"caption-attachment-19295\" class=\"wp-caption-text\">Meistaraflokkur Fram konur 2018 &#8211; 2019<\/figcaption><\/figure>\n<p>\u00cd dag f\u00e9kk meistaraflokkur Fram Eyjast\u00falkur \u00ed heims\u00f3kn \u00ed sj\u00f6ttu umfer\u00f0 \u00ed OL\u00cdS deildinni.\u00a0 Fram me\u00f0 fullt h\u00fas stiga fyrir leikinn en \u00cdBV me\u00f0 5 stig.\u00a0 Miki\u00f0 b\u00fai\u00f0 a\u00f0 r\u00e6\u00f0a \u00fea\u00f0 \u00ed fj\u00f6lmi\u00f0lum a\u00f0 Fram s\u00e9 \u00f3sigranlegar.\u00a0 \u00dea\u00f0 var hins vegar ekki sta\u00f0an \u00ed dag.<\/p>\n<p>\u00cdBV byrja\u00f0i leikinn betur og n\u00e1\u00f0i flj\u00f3tt forystu.\u00a0 Fram n\u00e1\u00f0i \u00fe\u00f3 a\u00f0 jafna leikinn um mi\u00f0jann h\u00e1lfleikinn og var leikurinn jafn \u00fe\u00f3 a\u00f0 \u00cdBV hafi veri\u00f0 me\u00f0 sm\u00e1 forskot.\u00a0 H\u00e1lfleikssta\u00f0a 15 &#8211; 16.\u00a0 Of miki\u00f0 a\u00f0 f\u00e1 \u00e1 sig 16 m\u00f6rk \u00ed einum h\u00e1lfleik.<\/p>\n<p>Seinni h\u00e1lfleikur var jafn en eins og \u00ed \u00feeim fyrri haf\u00f0i \u00cdBV heldur forskot.\u00a0 Fram n\u00e1\u00f0i a\u00f0 komast yfir upp \u00far mi\u00f0jum h\u00e1lfleik en n\u00e1\u00f0i ekki a\u00f0 byggja \u00e1 \u00fev\u00ed og \u00cdBV n\u00e1\u00f0i aftur forustu og sigra\u00f0i a\u00f0 lokum.\u00a0 Lokat\u00f6lur 23 &#8211; 27.<\/p>\n<p>Ekki n\u00f3gu g\u00f3\u00f0ur leikur \u00ed dag.\u00a0 Of f\u00e1ir a\u00f0 spila vel \u00ed s\u00f3kninni og miki\u00f0 af dau\u00f0af\u00e6rum sem voru misnotu\u00f0.\u00a0 Einnig allt of miki\u00f0 af t\u00e6knifeilum og menn stundum a\u00f0 fl\u00fdta s\u00e9r allt of miki\u00f0.<\/p>\n<p>V\u00f6rnin ekki a\u00f0 standa n\u00f3gu vel \u00ed fyrri h\u00e1lfleik, en batna\u00f0i miki\u00f0 \u00ed \u00feeim seinni.<\/p>\n<p>Flest m\u00f6rk \u00ed dag skoru\u00f0u Ragnhei\u00f0ur J\u00fal 9 og Unnur \u00d3mars 6, a\u00f0rar f\u00e6rri.<\/p>\n<p>Erla R\u00f3s var \u00ed markinu og var\u00f0i ein 14 skot.<\/p>\n<p>Eins og \u00e1\u00f0ur segir ekki g\u00f3\u00f0ur leikur og vi\u00f0 vitum a\u00f0 li\u00f0i\u00f0 getur gert miki\u00f0 betur.<\/p>\n<p>N\u00e6sti leikur Fram er 30. okt\u00f3ber \u00e1 Akureyri \u00e1 m\u00f3ti KA\u00de\u00f3r sem hefur veri\u00f0 \u00e1 mikilli siglingu undanfari\u00f0, \u00feanng a\u00f0 \u00fea\u00f0 ver\u00f0ur kl\u00e1rlega erfi\u00f0ur leikur.<\/p>\n<p>\u00c1fram Fram<\/p>","protected":false},"excerpt":{"rendered":"<p>\u00cd dag f\u00e9kk meistaraflokkur Fram Eyjast\u00falkur \u00ed heims\u00f3kn \u00ed sj\u00f6ttu umfer\u00f0 \u00ed OL\u00cdS deildinni.\u00a0 Fram me\u00f0 fullt h\u00fas stiga fyrir leikinn en \u00cdBV me\u00f0 5 stig.\u00a0 Miki\u00f0 b\u00fai\u00f0 a\u00f0 r\u00e6\u00f0a [&hellip;]<\/p>","protected":false},"author":4,"featured_media":16909,"comment_status":"open","ping_status":"open","sticky":false,"template":"","format":"standard","meta":{"_monsterinsights_skip_tracking":false,"_monsterinsights_sitenote_active":false,"_monsterinsights_sitenote_note":"","_monsterinsights_sitenote_category":0,"_jetpack_memberships_contains_paid_content":false,"footnotes":""},"categories":[6,15],"tags":[],"class_list":["post-19321","post","type-post","status-publish","format-standard","has-post-thumbnail","hentry","category-handbolti","category-mfl-kvenna"],"jetpack_sharing_enabled":true,"jetpack_featured_media_url":"https:\/\/fram.is\/wp-content\/uploads\/2017\/12\/Ragnheidur-vefur-1.jpg","_links":{"self":[{"href":"https:\/\/fram.is\/is\/wp-json\/wp\/v2\/posts\/19321","targetHints":{"allow":["GET"]}}],"collection":[{"href":"https:\/\/fram.is\/is\/wp-json\/wp\/v2\/posts"}],"about":[{"href":"https:\/\/fram.is\/is\/wp-json\/wp\/v2\/types\/post"}],"author":[{"embeddable":true,"href":"https:\/\/fram.is\/is\/wp-json\/wp\/v2\/users\/4"}],"replies":[{"embeddable":true,"href":"https:\/\/fram.is\/is\/wp-json\/wp\/v2\/comments?post=19321"}],"version-history":[{"count":0,"href":"https:\/\/fram.is\/is\/wp-json\/wp\/v2\/posts\/19321\/revisions"}],"wp:featuredmedia":[{"embeddable":true,"href":"https:\/\/fram.is\/is\/wp-json\/wp\/v2\/media\/16909"}],"wp:attachment":[{"href":"https:\/\/fram.is\/is\/wp-json\/wp\/v2\/media?parent=19321"}],"wp:term":[{"taxonomy":"category","embeddable":true,"href":"https:\/\/fram.is\/is\/wp-json\/wp\/v2\/categories?post=19321"},{"taxonomy":"post_tag","embeddable":true,"href":"https:\/\/fram.is\/is\/wp-json\/wp\/v2\/tags?post=19321"}],"curies":[{"name":"wp","href":"https:\/\/api.w.org\/{rel}","templated":true}]}}