{"id":19344,"date":"2018-10-30T23:26:09","date_gmt":"2018-10-30T23:26:09","guid":{"rendered":"http:\/\/fram.is\/?p=19344"},"modified":"2018-10-30T23:26:09","modified_gmt":"2018-10-30T23:26:09","slug":"tap-a-akureyri-i-olisdeild-kvenna","status":"publish","type":"post","link":"https:\/\/fram.is\/is\/2018\/10\/30\/tap-a-akureyri-i-olisdeild-kvenna\/","title":{"rendered":"Tap \u00e1 Akureyri \u00ed Ol\u00edsdeild kvenna"},"content":{"rendered":"<p><a href=\"http:\/\/fram.is\/is\/?attachment_id=19346\"><img fetchpriority=\"high\" decoding=\"async\" class=\"alignright size-medium wp-image-19346\" src=\"http:\/\/fram.is\/wp-content\/uploads\/2018\/10\/\u00de\u00f3rey-R\u00f3sa-300x300.jpg\" alt=\"\" width=\"300\" height=\"300\" \/><\/a>Stelpurnar okkar \u00ed handboltanum m\u00e6ttu \u00f3venju snemma \u00ed FRAMh\u00fasi\u00f0 \u00ed morgun en fyrir h\u00f6ndum l\u00e1g r\u00fatufer\u00f0 nor\u00f0ur \u00e1 Akureyri \u00fear sem li\u00f0i\u00f0 m\u00e6tti KA\/\u00de\u00f3r \u00ed Ol\u00edsdeildinni.<br \/>\nG\u00f3\u00f0 f\u00e6r\u00f0 nor\u00f0ur og \u00fea\u00f0 f\u00f3r vel um mannskapinn \u00e1 lei\u00f0inni.\u00a0 Sm\u00e1 forf\u00f6ll \u00ed okkar li\u00f0i Karen meidd og Steinunn veik annars allir kl\u00e1rir \u00ed slaginn og Marthe m\u00e6tt enn og aftur.<br \/>\nKA\/\u00de\u00f3r komi\u00f0 \u00e1 \u00f3vart og leiki\u00f0 vel \u00ed upphafi m\u00f3ts, \u00fev\u00ed lj\u00f3st a\u00f0 vi\u00f0 \u00feyrftum a\u00f0 spila vel \u00ed \u00feessum leik ef vi\u00f0 \u00e6tlu\u00f0um a\u00f0 vinna.<\/p>\n<p>Leikurinn byrja\u00f0i frekar br\u00f6sulega, vi\u00f0 a\u00f0 gera miki\u00f0 af t\u00e6knimist\u00f6kum, skj\u00f3ta illa en Erla a\u00f0 verja vel. Lj\u00f3st a\u00f0 vi\u00f0 s\u00f6knum \u00feess a\u00f0 hafa Steinunni og Karen, li\u00f0i\u00f0 ekki a\u00f0 finna taktinn \u00ed byrjun.\u00a0 Sta\u00f0an eftir 15 m\u00edn. 5-6.\u00a0 Vi\u00f0 me\u00f0 8 tapa\u00f0a bolta \u00e1 \u00feessum kafla.<br \/>\nLeikurinn breyttist l\u00edti\u00f0, s\u00f3knarleikur okkar ekki s\u00e9rlega g\u00f3\u00f0ur og varnarlega vorum vi\u00f0 ekki \u00e1 fullu.\u00a0 Einhver deif\u00f0 yfir li\u00f0inu, eins og vi\u00f0 hef\u00f0um ekki \u00e1huga \u00e1 spila \u00feetta \u00e1 fullu. Sta\u00f0an \u00ed h\u00e1lfleik 13-11.<\/p>\n<p>Vi\u00f0 spilu\u00f0um fyrri h\u00e1lfleikinn illa, f\u00e1tt sem vi\u00f0 vorum a\u00f0 gera vel og vi\u00f0 vorum bara \u00e1 h\u00e1lfum hra\u00f0a. F\u00f3rum me\u00f0 urmul af f\u00e6rum og miki\u00f0 af t\u00e6knimist\u00f6kum.\u00a0 Lj\u00f3st a\u00f0 vi\u00f0 \u00feyrftum a\u00f0 gera mun betur ef ekki \u00e1tti illa a\u00f0 fara.<\/p>\n<p>S\u00ed\u00f0ar h\u00e1lfleikur byrja\u00f0i svo sem ekkert vel en vi\u00f0 n\u00e1\u00f0um a\u00f0 vinna muninn upp og voru komnar yfir um mi\u00f0jan h\u00e1lfleikinn tv\u00f6 m\u00f6rk.\u00a0 Vi\u00f0 n\u00e1\u00f0um ekki a\u00f0 fylgja \u00fev\u00ed eftir og \u00fe\u00e6r n\u00e1\u00f0u okkur aftur.\u00a0 Vi\u00f0 n\u00e1\u00f0um aldrei a\u00f0 hrista \u00fe\u00e6r af okkur og leikurinn jafn fram \u00e1 loka m\u00edn\u00fatu leiksins.\u00a0 KA\/\u00de\u00f3r n\u00e1\u00f0i svo a\u00f0 setja \u00e1 okkur mark \u00e1 loka sek\u00fandum leiksins og ni\u00f0ursta\u00f0an \u00a0tap. 24-23.<\/p>\n<p>Ferlegt a\u00f0 tapa svona leik og ver\u00f0a leikmenn a\u00f0 sko\u00f0a sinn leik vel.\u00a0 Margir a\u00f0 spila illa og \u00fea\u00f0 vanta\u00f0i alla gle\u00f0i og vilja til a\u00f0 vinna \u00feennan leik. Vi\u00f0 eigum bara ekki a\u00f0 detta ni\u00f0ur \u00e1 \u00feetta plan \u00fe\u00f3 \u00fea\u00f0 vanti einhverja leikmenn \u00ed li\u00f0i\u00f0. Ver\u00f0um a\u00f0 hafa meiri tr\u00fa \u00e1 eigin getu. Upp me\u00f0 hausinn stelpur.<br \/>\nN\u00e6sti leikur er eftir sl\u00e9tta viku \u00e1 heimavelli gegn Selfoss, sj\u00e1umst \u00ed Safam\u00fdrinni.<\/p>\n<p>\u00c1FRAM FRAM<\/p>","protected":false},"excerpt":{"rendered":"<p>Stelpurnar okkar \u00ed handboltanum m\u00e6ttu \u00f3venju snemma \u00ed FRAMh\u00fasi\u00f0 \u00ed morgun en fyrir h\u00f6ndum l\u00e1g r\u00fatufer\u00f0 nor\u00f0ur \u00e1 Akureyri \u00fear sem li\u00f0i\u00f0 m\u00e6tti KA\/\u00de\u00f3r \u00ed Ol\u00edsdeildinni. G\u00f3\u00f0 f\u00e6r\u00f0 nor\u00f0ur og [&hellip;]<\/p>","protected":false},"author":4,"featured_media":19345,"comment_status":"open","ping_status":"open","sticky":false,"template":"","format":"standard","meta":{"_monsterinsights_skip_tracking":false,"_monsterinsights_sitenote_active":false,"_monsterinsights_sitenote_note":"","_monsterinsights_sitenote_category":0,"_jetpack_memberships_contains_paid_content":false,"footnotes":""},"categories":[6,15],"tags":[],"class_list":["post-19344","post","type-post","status-publish","format-standard","has-post-thumbnail","hentry","category-handbolti","category-mfl-kvenna"],"jetpack_sharing_enabled":true,"jetpack_featured_media_url":"https:\/\/fram.is\/wp-content\/uploads\/2018\/10\/Erla-gegn-IBV-vefur.jpg","_links":{"self":[{"href":"https:\/\/fram.is\/is\/wp-json\/wp\/v2\/posts\/19344","targetHints":{"allow":["GET"]}}],"collection":[{"href":"https:\/\/fram.is\/is\/wp-json\/wp\/v2\/posts"}],"about":[{"href":"https:\/\/fram.is\/is\/wp-json\/wp\/v2\/types\/post"}],"author":[{"embeddable":true,"href":"https:\/\/fram.is\/is\/wp-json\/wp\/v2\/users\/4"}],"replies":[{"embeddable":true,"href":"https:\/\/fram.is\/is\/wp-json\/wp\/v2\/comments?post=19344"}],"version-history":[{"count":0,"href":"https:\/\/fram.is\/is\/wp-json\/wp\/v2\/posts\/19344\/revisions"}],"wp:featuredmedia":[{"embeddable":true,"href":"https:\/\/fram.is\/is\/wp-json\/wp\/v2\/media\/19345"}],"wp:attachment":[{"href":"https:\/\/fram.is\/is\/wp-json\/wp\/v2\/media?parent=19344"}],"wp:term":[{"taxonomy":"category","embeddable":true,"href":"https:\/\/fram.is\/is\/wp-json\/wp\/v2\/categories?post=19344"},{"taxonomy":"post_tag","embeddable":true,"href":"https:\/\/fram.is\/is\/wp-json\/wp\/v2\/tags?post=19344"}],"curies":[{"name":"wp","href":"https:\/\/api.w.org\/{rel}","templated":true}]}}