{"id":19378,"date":"2018-11-01T23:30:11","date_gmt":"2018-11-01T23:30:11","guid":{"rendered":"http:\/\/fram.is\/?p=19378"},"modified":"2018-11-01T23:30:11","modified_gmt":"2018-11-01T23:30:11","slug":"alex-bergmann-magnus-ingi-og-oli-anton-semja-vid-fram","status":"publish","type":"post","link":"https:\/\/fram.is\/is\/2018\/11\/01\/alex-bergmann-magnus-ingi-og-oli-anton-semja-vid-fram\/","title":{"rendered":"Alex Bergmann, Magn\u00fas Ingi og \u00d3li Anton semja vi\u00f0 FRAM"},"content":{"rendered":"<p>Knattspyrnudeild FRAM hefur sami\u00f0 vi\u00f0 \u00ferj\u00e1 unga leikmenn til n\u00e6stu tveggja \u00e1ra.<\/p>\n<p><a href=\"http:\/\/fram.is\/wp-content\/uploads\/2018\/11\/Alex-Bergmann.jpg\"><img fetchpriority=\"high\" decoding=\"async\" src=\"http:\/\/fram.is\/wp-content\/uploads\/2018\/11\/Alex-Bergmann-300x260.jpg\" alt=\"\" width=\"300\" height=\"260\" class=\"alignright size-medium wp-image-19379\" \/><\/a><\/p>\n<p>Um er a\u00f0 r\u00e6\u00f0a \u00fe\u00e1 Alex Bergmann Arnarsson, Magn\u00fas Inga \u00de\u00f3r\u00f0arson og \u00d3la Anton Bieltvedt.  \u00deeir eru f\u00e6ddir \u00e1ri\u00f0 1999 og gengu upp \u00far 2.flokki FRAM n\u00fa \u00ed haust.<br \/>\nAllir voru \u00feeir vi\u00f0lo\u00f0andi leikmannah\u00f3p meistaraflokks \u00e1 s\u00ed\u00f0asta t\u00edmabili \u00e1samt \u00fev\u00ed a\u00f0 leika me\u00f0 2.flokki.<br \/>\n<a href=\"http:\/\/fram.is\/wp-content\/uploads\/2018\/11\/Maggi-Ingi.jpg\"><img decoding=\"async\" src=\"http:\/\/fram.is\/wp-content\/uploads\/2018\/11\/Maggi-Ingi-300x250.jpg\" alt=\"\" width=\"300\" height=\"250\" class=\"alignright size-medium wp-image-19380\" \/><\/a><\/p>\n<p>Alex Bergmann var fyrirli\u00f0i 2.flokks \u00e1 s\u00ed\u00f0asta t\u00edmabili og var \u00e1 lokah\u00f3fi knattspyrnudeildar valinn besti leikma\u00f0ur flokksins.  Hann hefur a\u00f0 mestu leiki\u00f0 sem mi\u00f0ju- og varnarma\u00f0ur.<br \/>\n<a href=\"http:\/\/fram.is\/wp-content\/uploads\/2018\/11\/\u00d3li-Anton.jpg\"><img decoding=\"async\" src=\"http:\/\/fram.is\/wp-content\/uploads\/2018\/11\/\u00d3li-Anton-300x264.jpg\" alt=\"\" width=\"300\" height=\"264\" class=\"alignright size-medium wp-image-19381\" \/><\/a><\/p>\n<p>Magn\u00fas Ingi er s\u00f3knarma\u00f0ur, sn\u00f6ggur og leikinn me\u00f0 kn\u00f6ttinn.  Hann l\u00e9k sinn fyrsta meistaraflokksleik me\u00f0 FRAM gegn V\u00edkingi \u00d3lafsv\u00edk \u00ed s\u00ed\u00f0asta leik Inkasso-deildarinnar \u00ed sumar.<\/p>\n<p>\u00d3li Anton hefur \u00ed seinni t\u00ed\u00f0 leiki\u00f0 mest sem mi\u00f0v\u00f6r\u00f0ur e\u00f0a h\u00e6gri bakv\u00f6r\u00f0ur eftir a\u00f0 hafa \u00e1 yngri \u00e1rum leiki\u00f0 framar \u00e1 vellinum.  Hann var nokkrum sinnum \u00ed leikmannah\u00f3pi meistaraflokks \u00ed Inkasso-deildinni \u00e1n \u00feess a\u00f0 koma vi\u00f0 s\u00f6gu.<\/p>\n<p>Knattspyrnudeild FRAM bindur miklar vonir vi\u00f0 \u00feessa ungu og efnilegu leikmenn og \u00fea\u00f0 ver\u00f0ur gaman a\u00f0 fylgjast me\u00f0 \u00feeim halda \u00e1fram a\u00f0 vaxa og dafna \u00ed Framb\u00faningnum \u00e1 n\u00e6stu \u00e1rum.<br \/>\n<a href=\"http:\/\/fram.is\/wp-content\/uploads\/2018\/11\/Ungir-1.jpg\"><img loading=\"lazy\" decoding=\"async\" src=\"http:\/\/fram.is\/wp-content\/uploads\/2018\/11\/Ungir-1-300x167.jpg\" alt=\"\" width=\"300\" height=\"167\" class=\"alignright size-medium wp-image-19397\" \/><\/a><\/p>","protected":false},"excerpt":{"rendered":"<p>Knattspyrnudeild FRAM hefur sami\u00f0 vi\u00f0 \u00ferj\u00e1 unga leikmenn til n\u00e6stu tveggja \u00e1ra. Um er a\u00f0 r\u00e6\u00f0a \u00fe\u00e1 Alex Bergmann Arnarsson, Magn\u00fas Inga \u00de\u00f3r\u00f0arson og \u00d3la Anton Bieltvedt. \u00deeir eru f\u00e6ddir [&hellip;]<\/p>","protected":false},"author":6,"featured_media":19395,"comment_status":"open","ping_status":"open","sticky":false,"template":"","format":"standard","meta":{"_monsterinsights_skip_tracking":false,"_monsterinsights_sitenote_active":false,"_monsterinsights_sitenote_note":"","_monsterinsights_sitenote_category":0,"_jetpack_memberships_contains_paid_content":false,"footnotes":""},"categories":[11,10,20,9],"tags":[],"class_list":["post-19378","post","type-post","status-publish","format-standard","has-post-thumbnail","hentry","category-mflkarla","category-frettir","category-framiceland","category-fotbolti"],"jetpack_sharing_enabled":true,"jetpack_featured_media_url":"https:\/\/fram.is\/wp-content\/uploads\/2018\/11\/Ungir3.jpg","_links":{"self":[{"href":"https:\/\/fram.is\/is\/wp-json\/wp\/v2\/posts\/19378","targetHints":{"allow":["GET"]}}],"collection":[{"href":"https:\/\/fram.is\/is\/wp-json\/wp\/v2\/posts"}],"about":[{"href":"https:\/\/fram.is\/is\/wp-json\/wp\/v2\/types\/post"}],"author":[{"embeddable":true,"href":"https:\/\/fram.is\/is\/wp-json\/wp\/v2\/users\/6"}],"replies":[{"embeddable":true,"href":"https:\/\/fram.is\/is\/wp-json\/wp\/v2\/comments?post=19378"}],"version-history":[{"count":0,"href":"https:\/\/fram.is\/is\/wp-json\/wp\/v2\/posts\/19378\/revisions"}],"wp:featuredmedia":[{"embeddable":true,"href":"https:\/\/fram.is\/is\/wp-json\/wp\/v2\/media\/19395"}],"wp:attachment":[{"href":"https:\/\/fram.is\/is\/wp-json\/wp\/v2\/media?parent=19378"}],"wp:term":[{"taxonomy":"category","embeddable":true,"href":"https:\/\/fram.is\/is\/wp-json\/wp\/v2\/categories?post=19378"},{"taxonomy":"post_tag","embeddable":true,"href":"https:\/\/fram.is\/is\/wp-json\/wp\/v2\/tags?post=19378"}],"curies":[{"name":"wp","href":"https:\/\/api.w.org\/{rel}","templated":true}]}}