{"id":19408,"date":"2018-11-08T11:01:12","date_gmt":"2018-11-08T11:01:12","guid":{"rendered":"http:\/\/fram.is\/?p=19408"},"modified":"2018-11-08T11:01:12","modified_gmt":"2018-11-08T11:01:12","slug":"tveir-fra-fram-i-urtakshopi-islands-u15","status":"publish","type":"post","link":"https:\/\/fram.is\/is\/2018\/11\/08\/tveir-fra-fram-i-urtakshopi-islands-u15\/","title":{"rendered":"Tveir fr\u00e1 FRAM \u00ed \u00fartaksh\u00f3pi \u00cdslands U15"},"content":{"rendered":"<p><a href=\"http:\/\/fram.is\/is\/2018\/05\/tinna-bjork-og-sigfus-arni-valinn-i-urvalslid-reykjavikur\/sigfus-arni\/\"><img fetchpriority=\"high\" decoding=\"async\" class=\"alignright size-medium wp-image-18242\" src=\"http:\/\/fram.is\/wp-content\/uploads\/2018\/05\/Sigf\u00fas-\u00c1rni--243x300.jpeg\" alt=\"\" width=\"243\" height=\"300\" \/><\/a><a href=\"http:\/\/fram.is\/is\/?attachment_id=19460\"><img decoding=\"async\" class=\"alignright size-medium wp-image-19460\" src=\"http:\/\/fram.is\/wp-content\/uploads\/2018\/11\/Sigmar-\u00fe\u00f3r-II-261x300.jpg\" alt=\"\" width=\"261\" height=\"300\" \/><\/a>KS\u00cd hefur vali\u00f0 leikmenn til a\u00f0 taka \u00fe\u00e1tt \u00ed \u00fartaks\u00e6fingum \u00e1 Su\u00f0vesturlandi vegna U15 li\u00f0s drengja.<\/p>\n<p>\u00c6fingarnar fara fram\u00a0 16-17.n\u00f3vember undir stj\u00f3rn \u00deorl\u00e1ks \u00c1rnasonar \u00fej\u00e1lfara \u00a0\u00cdslands U15.<\/p>\n<p>Vi\u00f0 FRAMarar erum stoltir af \u00fev\u00ed a\u00f0 eiga tvo fulltr\u00faa \u00ed \u00feessu \u00fartaksh\u00f3pi en \u00feeir sem voru valdir fr\u00e1 FRAM a\u00f0 \u00feessu sinni eru:<\/p>\n<p>Sigf\u00fas \u00c1rni Gu\u00f0mundsson\u00a0 \u00a0 \u00a0 \u00a0 \u00a0 \u00a0 \u00a0 \u00a0 \u00a0 \u00a0 \u00a0 \u00a0 \u00a0 \u00a0 \u00a0 FRAM<br \/>\nSigmar \u00de\u00f3r Baldvinsson\u00a0\u00a0\u00a0\u00a0\u00a0\u00a0\u00a0\u00a0\u00a0\u00a0\u00a0\u00a0\u00a0\u00a0\u00a0\u00a0\u00a0\u00a0\u00a0\u00a0\u00a0\u00a0\u00a0\u00a0\u00a0\u00a0\u00a0\u00a0\u00a0\u00a0\u00a0\u00a0 FRAM<\/p>\n<p>Gangi ykkur vel.<\/p>\n<p>\u00c1FRAM FRAM<\/p>","protected":false},"excerpt":{"rendered":"<p>KS\u00cd hefur vali\u00f0 leikmenn til a\u00f0 taka \u00fe\u00e1tt \u00ed \u00fartaks\u00e6fingum \u00e1 Su\u00f0vesturlandi vegna U15 li\u00f0s drengja. \u00c6fingarnar fara fram\u00a0 16-17.n\u00f3vember undir stj\u00f3rn \u00deorl\u00e1ks \u00c1rnasonar \u00fej\u00e1lfara \u00a0\u00cdslands U15. Vi\u00f0 FRAMarar erum [&hellip;]<\/p>","protected":false},"author":4,"featured_media":18399,"comment_status":"open","ping_status":"open","sticky":false,"template":"","format":"standard","meta":{"_monsterinsights_skip_tracking":false,"_monsterinsights_sitenote_active":false,"_monsterinsights_sitenote_note":"","_monsterinsights_sitenote_category":0,"_jetpack_memberships_contains_paid_content":false,"footnotes":""},"categories":[9,13],"tags":[],"class_list":["post-19408","post","type-post","status-publish","format-standard","has-post-thumbnail","hentry","category-fotbolti","category-yngriflokkar"],"jetpack_sharing_enabled":true,"jetpack_featured_media_url":"https:\/\/fram.is\/wp-content\/uploads\/2018\/05\/U-17-\u00cdsland-2016-vefur.jpg","_links":{"self":[{"href":"https:\/\/fram.is\/is\/wp-json\/wp\/v2\/posts\/19408","targetHints":{"allow":["GET"]}}],"collection":[{"href":"https:\/\/fram.is\/is\/wp-json\/wp\/v2\/posts"}],"about":[{"href":"https:\/\/fram.is\/is\/wp-json\/wp\/v2\/types\/post"}],"author":[{"embeddable":true,"href":"https:\/\/fram.is\/is\/wp-json\/wp\/v2\/users\/4"}],"replies":[{"embeddable":true,"href":"https:\/\/fram.is\/is\/wp-json\/wp\/v2\/comments?post=19408"}],"version-history":[{"count":0,"href":"https:\/\/fram.is\/is\/wp-json\/wp\/v2\/posts\/19408\/revisions"}],"wp:featuredmedia":[{"embeddable":true,"href":"https:\/\/fram.is\/is\/wp-json\/wp\/v2\/media\/18399"}],"wp:attachment":[{"href":"https:\/\/fram.is\/is\/wp-json\/wp\/v2\/media?parent=19408"}],"wp:term":[{"taxonomy":"category","embeddable":true,"href":"https:\/\/fram.is\/is\/wp-json\/wp\/v2\/categories?post=19408"},{"taxonomy":"post_tag","embeddable":true,"href":"https:\/\/fram.is\/is\/wp-json\/wp\/v2\/tags?post=19408"}],"curies":[{"name":"wp","href":"https:\/\/api.w.org\/{rel}","templated":true}]}}