{"id":19444,"date":"2018-11-06T11:06:42","date_gmt":"2018-11-06T11:06:42","guid":{"rendered":"http:\/\/fram.is\/?p=19444"},"modified":"2018-11-06T11:06:42","modified_gmt":"2018-11-06T11:06:42","slug":"herrakvold-fram-fostudaginn-9-nov-sidasti-moguleiki-a-thvi-ad-panta-mida-er-midvikudagur-6-nov","status":"publish","type":"post","link":"https:\/\/fram.is\/is\/2018\/11\/06\/herrakvold-fram-fostudaginn-9-nov-sidasti-moguleiki-a-thvi-ad-panta-mida-er-midvikudagur-6-nov\/","title":{"rendered":"Herrakv\u00f6ld FRAM f\u00f6studaginn 9. n\u00f3v. S\u00ed\u00f0asti m\u00f6guleiki \u00e1 \u00fev\u00ed a\u00f0 panta mi\u00f0a er mi\u00f0vikudagur 7. n\u00f3v."},"content":{"rendered":"<p><a href=\"http:\/\/fram.is\/is\/2018\/10\/herrakvold-fram-verdur-haldid-fostudaginn-9-nov-munid-ad-tryggja-ykkur-mida-og-panta-bord-2\/felagar\/\"><img fetchpriority=\"high\" decoding=\"async\" class=\"alignright size-medium wp-image-19354\" src=\"http:\/\/fram.is\/wp-content\/uploads\/2018\/10\/F\u00e9lagar--300x200.jpg\" alt=\"\" width=\"300\" height=\"200\" \/><\/a>Herrakv\u00f6ld FRAM ver\u00f0ur haldi\u00f0 f\u00f6studaginn 9. n\u00f3vember \u00ed\u00a0 veislusal okkar FRAMara.<\/p>\n<p>Fr\u00e1b\u00e6r skemmtu, gaman m\u00e1l og skemmtun ver\u00f0ur\u00a0 \u00ed h\u00f6ndum Ara Eldj\u00e1rns.<\/p>\n<p>Veislustj\u00f3rn ver\u00f0ur \u00ed \u00f6ruggum h\u00f6ndum Sigur\u00f0ar Inga T\u00f3massonar.<\/p>\n<p>S\u00e9rstakur hei\u00f0ursgestur ver\u00f0ur svo enginn annar en<br \/>\nEgill \u00d3lafsson.<\/p>\n<p>H\u00fasi\u00f0 opnar kl. 19:00 og bor\u00f0hald hefst kl. 20:00<\/p>\n<p>Happdr\u00e6tti\u00f0 og m\u00e1lverkauppbo\u00f0i\u00f0 ver\u00f0ur \u00e1 s\u00ednum sta\u00f0.<\/p>\n<p>Bo\u00f0i\u00f0 ver\u00f0ur upp \u00e1 fr\u00e1b\u00e6rt hla\u00f0bor\u00f0 fr\u00e1 Lauga\u00e1si<\/p>\n<p>Allir karlar, FRAMarar, ungir, gamlir, \u00fea\u00f0 ver\u00f0ur gr\u00ed\u00f0arleg stemming eins og alltaf.<\/p>\n<p>Tilvali\u00f0 fyrir h\u00f3pa a\u00f0 taka sig saman og eiga skemmtilega kv\u00f6ldstund.<\/p>\n<p>Mi\u00f0asala \u00ed \u00cd\u00fer\u00f3ttah\u00fasi Fram \u2013\u00a0 panti\u00f0 \u00ed s\u00edma\u00a0 533 5600<\/p>\n<p>Mi\u00f0aver\u00f0 kr. 9500.- \u00a0sj\u00e1umst hressir<\/p>\n<p>Knattspyrnuf\u00e9lagi\u00f0 FRAM<\/p>","protected":false},"excerpt":{"rendered":"<p>Herrakv\u00f6ld FRAM ver\u00f0ur haldi\u00f0 f\u00f6studaginn 9. n\u00f3vember \u00ed\u00a0 veislusal okkar FRAMara. Fr\u00e1b\u00e6r skemmtu, gaman m\u00e1l og skemmtun ver\u00f0ur\u00a0 \u00ed h\u00f6ndum Ara Eldj\u00e1rns. Veislustj\u00f3rn ver\u00f0ur \u00ed \u00f6ruggum h\u00f6ndum Sigur\u00f0ar Inga T\u00f3massonar. [&hellip;]<\/p>","protected":false},"author":4,"featured_media":19353,"comment_status":"open","ping_status":"open","sticky":false,"template":"","format":"standard","meta":{"_monsterinsights_skip_tracking":false,"_monsterinsights_sitenote_active":false,"_monsterinsights_sitenote_note":"","_monsterinsights_sitenote_category":0,"_jetpack_memberships_contains_paid_content":false,"footnotes":""},"categories":[8,10],"tags":[],"class_list":["post-19444","post","type-post","status-publish","format-standard","has-post-thumbnail","hentry","category-adalstjorn","category-frettir"],"jetpack_sharing_enabled":true,"jetpack_featured_media_url":"https:\/\/fram.is\/wp-content\/uploads\/2018\/10\/Flottir-vefur-scaled.jpg","_links":{"self":[{"href":"https:\/\/fram.is\/is\/wp-json\/wp\/v2\/posts\/19444","targetHints":{"allow":["GET"]}}],"collection":[{"href":"https:\/\/fram.is\/is\/wp-json\/wp\/v2\/posts"}],"about":[{"href":"https:\/\/fram.is\/is\/wp-json\/wp\/v2\/types\/post"}],"author":[{"embeddable":true,"href":"https:\/\/fram.is\/is\/wp-json\/wp\/v2\/users\/4"}],"replies":[{"embeddable":true,"href":"https:\/\/fram.is\/is\/wp-json\/wp\/v2\/comments?post=19444"}],"version-history":[{"count":0,"href":"https:\/\/fram.is\/is\/wp-json\/wp\/v2\/posts\/19444\/revisions"}],"wp:featuredmedia":[{"embeddable":true,"href":"https:\/\/fram.is\/is\/wp-json\/wp\/v2\/media\/19353"}],"wp:attachment":[{"href":"https:\/\/fram.is\/is\/wp-json\/wp\/v2\/media?parent=19444"}],"wp:term":[{"taxonomy":"category","embeddable":true,"href":"https:\/\/fram.is\/is\/wp-json\/wp\/v2\/categories?post=19444"},{"taxonomy":"post_tag","embeddable":true,"href":"https:\/\/fram.is\/is\/wp-json\/wp\/v2\/tags?post=19444"}],"curies":[{"name":"wp","href":"https:\/\/api.w.org\/{rel}","templated":true}]}}