{"id":19448,"date":"2018-11-07T09:14:06","date_gmt":"2018-11-07T09:14:06","guid":{"rendered":"http:\/\/fram.is\/?p=19448"},"modified":"2018-11-07T09:14:06","modified_gmt":"2018-11-07T09:14:06","slug":"finn-arangur-a-fyrsta-bikarmoti-vetrarins-i-taekwondo","status":"publish","type":"post","link":"https:\/\/fram.is\/is\/2018\/11\/07\/finn-arangur-a-fyrsta-bikarmoti-vetrarins-i-taekwondo\/","title":{"rendered":"F\u00ednn \u00e1rangur \u00e1 fyrsta bikarm\u00f3ti vetrarins \u00ed Taekwondo"},"content":{"rendered":"<p><a href=\"http:\/\/fram.is\/is\/?attachment_id=19449\"><img fetchpriority=\"high\" decoding=\"async\" class=\"alignright size-medium wp-image-19449\" src=\"http:\/\/fram.is\/wp-content\/uploads\/2018\/11\/anna-haust-2018--300x200.jpg\" alt=\"\" width=\"300\" height=\"200\" \/><\/a><a href=\"http:\/\/fram.is\/is\/?attachment_id=19450\"><img decoding=\"async\" class=\"alignright size-medium wp-image-19450\" src=\"http:\/\/fram.is\/wp-content\/uploads\/2018\/11\/Bjarki-haust-2018--300x200.jpg\" alt=\"\" width=\"300\" height=\"200\" \/><\/a><a href=\"http:\/\/fram.is\/is\/?attachment_id=19451\"><img decoding=\"async\" class=\"alignright size-medium wp-image-19451\" src=\"http:\/\/fram.is\/wp-content\/uploads\/2018\/11\/lukas-haust-2018--300x200.jpg\" alt=\"\" width=\"300\" height=\"200\" \/><\/a><a href=\"http:\/\/fram.is\/is\/?attachment_id=19452\"><img loading=\"lazy\" decoding=\"async\" class=\"alignright size-medium wp-image-19452\" src=\"http:\/\/fram.is\/wp-content\/uploads\/2018\/11\/\u00feorsteinn-haust-2018--300x200.jpg\" alt=\"\" width=\"300\" height=\"200\" \/><\/a><a href=\"http:\/\/fram.is\/is\/?attachment_id=19453\"><img loading=\"lazy\" decoding=\"async\" class=\"alignright size-medium wp-image-19453\" src=\"http:\/\/fram.is\/wp-content\/uploads\/2018\/11\/fullor\u00f0ins-haust-2018--300x214.jpg\" alt=\"\" width=\"300\" height=\"214\" \/><\/a>Fyrsta bikarm\u00f3t vetrarins er n\u00fa a\u00f0 baki og \u00e1ttu Framarar \u00fear \u00fe\u00e1tttakendur b\u00e6\u00f0i \u00ed yngri og eldri flokkum. A\u00f0 \u00feessu sinni var m\u00f3tinu skipt \u00e1 tv\u00e6r helgar og h\u00f3fst laugardaginn 27.okt\u00f3ber me\u00f0 keppni \u00ed eldri flokkum. \u00dear \u00e1tti Fram sj\u00f6 keppendur sem allir st\u00f3\u00f0u sig me\u00f0 pr\u00fd\u00f0i og komust \u00e1 ver\u00f0launapall. Hulda og R\u00fadolf t\u00f3ku gullver\u00f0laun \u00ed einstaklings keppninni \u00ed t\u00e6kni \u00ed s\u00ednum flokkum, Bjarki t\u00f3k \u00fear silfur og brons \u00ed bardaga. Anna Jasmine t\u00f3k silfur \u00ed bardaga og \u00deorsteinn brons. Anna Jasmine og Bjarki t\u00f3ku svo silfur \u00ed parakeppninni \u00ed t\u00e6kni og \u00fe\u00e6r st\u00f6llur Brynd\u00eds og N\u00edna t\u00f3ku bronsi\u00f0.<\/p>\n<p>Yngri h\u00f3purinn keppti svo s\u00ed\u00f0astli\u00f0inn laugardag og \u00e1tti Fram \u00fear \u00e1tta vaska keppendur. N\u00f3el Sn\u00e6r og Patrik sigru\u00f0u s\u00edna flokka \u00ed bardaga og fengu gullver\u00f0laun, Dominik, L\u00fakas Tumi, Hilmar og \u00cdvar Freyr fengu silfur og Sigvaldi og Hallsteinn fengu brons. \u00deess m\u00e1 geta a\u00f0 \u00feeir Patrik og L\u00fakas voru \u00ed sama flokk og komust b\u00e1\u00f0ir \u00ed \u00farslit. Fram hlaut \u00fev\u00ed b\u00e6\u00f0i gull og silfur \u00ed \u00feeim flokki sem er afar \u00e1n\u00e6gjulegt.<\/p>\n<p>Keppnin \u00ed t\u00e6kni var gr\u00ed\u00f0arlega h\u00f6r\u00f0 a\u00f0 \u00feessu sinni og erfitt a\u00f0 komast \u00e1 ver\u00f0launapall. \u00cdvar n\u00e1\u00f0i \u00fe\u00f3 3.s\u00e6tinu \u00ed s\u00ednum flokki og hlaut bronsver\u00f0laun sem er fr\u00e1b\u00e6r \u00e1rangur \u00ed svo fj\u00f6lmennum h\u00f3pi.<\/p>\n<p>\u00cd bikarm\u00f3tar\u00f6\u00f0inni telja a\u00f0eins \u00farslit eldri h\u00f3panna til stiga og n\u00e1\u00f0u Framarar a\u00f0 kr\u00e6kja s\u00e9r \u00ed 41 stig \u00e1 \u00feessu fyrsta bikarm\u00f3ti vetrarins. Fram situr \u00fev\u00ed \u00ed 4. S\u00e6ti af \u00feeim sj\u00f6 li\u00f0um sem sendu inn keppendur og stefnir deildin \u00e1 enn fleiri stig \u00e1 n\u00e6sta bikarm\u00f3ti sem haldi\u00f0 ver\u00f0ur \u00ed febr\u00faar.<\/p>\n<p>N\u00e6st \u00e1 dagskr\u00e1 er svo \u00cdslandsm\u00f3ti\u00f0 \u00ed t\u00e6kni sem haldi\u00f0 ver\u00f0ur laugardaginn 24.n\u00f3vember og er deildin \u00ed fullum undirb\u00faningi undir \u00fea\u00f0 m\u00f3t.<\/p>","protected":false},"excerpt":{"rendered":"<p>Fyrsta bikarm\u00f3t vetrarins er n\u00fa a\u00f0 baki og \u00e1ttu Framarar \u00fear \u00fe\u00e1tttakendur b\u00e6\u00f0i \u00ed yngri og eldri flokkum. A\u00f0 \u00feessu sinni var m\u00f3tinu skipt \u00e1 tv\u00e6r helgar og h\u00f3fst laugardaginn [&hellip;]<\/p>","protected":false},"author":4,"featured_media":19454,"comment_status":"open","ping_status":"open","sticky":false,"template":"","format":"standard","meta":{"_monsterinsights_skip_tracking":false,"_monsterinsights_sitenote_active":false,"_monsterinsights_sitenote_note":"","_monsterinsights_sitenote_category":0,"_jetpack_memberships_contains_paid_content":false,"footnotes":""},"categories":[18],"tags":[],"class_list":["post-19448","post","type-post","status-publish","format-standard","has-post-thumbnail","hentry","category-taekwondo"],"jetpack_sharing_enabled":true,"jetpack_featured_media_url":"https:\/\/fram.is\/wp-content\/uploads\/2018\/11\/lukas-haust-2018-vefur.jpg","_links":{"self":[{"href":"https:\/\/fram.is\/is\/wp-json\/wp\/v2\/posts\/19448","targetHints":{"allow":["GET"]}}],"collection":[{"href":"https:\/\/fram.is\/is\/wp-json\/wp\/v2\/posts"}],"about":[{"href":"https:\/\/fram.is\/is\/wp-json\/wp\/v2\/types\/post"}],"author":[{"embeddable":true,"href":"https:\/\/fram.is\/is\/wp-json\/wp\/v2\/users\/4"}],"replies":[{"embeddable":true,"href":"https:\/\/fram.is\/is\/wp-json\/wp\/v2\/comments?post=19448"}],"version-history":[{"count":0,"href":"https:\/\/fram.is\/is\/wp-json\/wp\/v2\/posts\/19448\/revisions"}],"wp:featuredmedia":[{"embeddable":true,"href":"https:\/\/fram.is\/is\/wp-json\/wp\/v2\/media\/19454"}],"wp:attachment":[{"href":"https:\/\/fram.is\/is\/wp-json\/wp\/v2\/media?parent=19448"}],"wp:term":[{"taxonomy":"category","embeddable":true,"href":"https:\/\/fram.is\/is\/wp-json\/wp\/v2\/categories?post=19448"},{"taxonomy":"post_tag","embeddable":true,"href":"https:\/\/fram.is\/is\/wp-json\/wp\/v2\/tags?post=19448"}],"curies":[{"name":"wp","href":"https:\/\/api.w.org\/{rel}","templated":true}]}}