{"id":19478,"date":"2018-11-12T10:08:46","date_gmt":"2018-11-12T10:08:46","guid":{"rendered":"http:\/\/fram.is\/?p=19478"},"modified":"2018-11-12T10:08:46","modified_gmt":"2018-11-12T10:08:46","slug":"fimm-fra-fram-i-aefingahop-islands-u-19-kvenna","status":"publish","type":"post","link":"https:\/\/fram.is\/is\/2018\/11\/12\/fimm-fra-fram-i-aefingahop-islands-u-19-kvenna\/","title":{"rendered":"Fimm fr\u00e1 FRAM \u00ed \u00e6fingah\u00f3p \u00cdslands U-19 kvenna"},"content":{"rendered":"<figure id=\"attachment_19303\" aria-describedby=\"caption-attachment-19303\" style=\"width: 300px\" class=\"wp-caption alignright\"><a href=\"http:\/\/fram.is\/is\/fram-handbolti-mfl-kvenna-19\/\"><img fetchpriority=\"high\" decoding=\"async\" class=\"size-medium wp-image-19303\" src=\"http:\/\/fram.is\/wp-content\/uploads\/2018\/10\/13.-Erna-Gu\u00f0laug-Gunnarsd\u00f3ttir-300x300.jpg\" alt=\"\" width=\"300\" height=\"300\" \/><\/a><figcaption id=\"caption-attachment-19303\" class=\"wp-caption-text\">Meistaraflokkur Fram konur 2018 &#8211; 2019<\/figcaption><\/figure>\n<figure id=\"attachment_19304\" aria-describedby=\"caption-attachment-19304\" style=\"width: 300px\" class=\"wp-caption alignright\"><a href=\"http:\/\/fram.is\/is\/fram-handbolti-mfl-kvenna-20\/\"><img decoding=\"async\" class=\"size-medium wp-image-19304\" src=\"http:\/\/fram.is\/wp-content\/uploads\/2018\/10\/15.-Harpa-Mar\u00eda-Fri\u00f0geirsd\u00f3ttir-300x300.jpg\" alt=\"\" width=\"300\" height=\"300\" \/><\/a><figcaption id=\"caption-attachment-19304\" class=\"wp-caption-text\">Meistaraflokkur Fram konur 2018 &#8211; 2019<\/figcaption><\/figure>\n<figure id=\"attachment_19291\" aria-describedby=\"caption-attachment-19291\" style=\"width: 300px\" class=\"wp-caption alignright\"><a href=\"http:\/\/fram.is\/is\/fram-handbolti-mfl-kvenna-7\/\"><img decoding=\"async\" class=\"size-medium wp-image-19291\" src=\"http:\/\/fram.is\/wp-content\/uploads\/2018\/10\/22.-J\u00f3n\u00edna-Hl\u00edn-Hansd\u00f3ttir-300x300.jpg\" alt=\"\" width=\"300\" height=\"300\" \/><\/a><figcaption id=\"caption-attachment-19291\" class=\"wp-caption-text\">Meistaraflokkur Fram konur 2018 &#8211; 2019<\/figcaption><\/figure>\n<figure id=\"attachment_19292\" aria-describedby=\"caption-attachment-19292\" style=\"width: 300px\" class=\"wp-caption alignright\"><a href=\"http:\/\/fram.is\/is\/fram-handbolti-mfl-kvenna-8\/\"><img loading=\"lazy\" decoding=\"async\" class=\"size-medium wp-image-19292\" src=\"http:\/\/fram.is\/wp-content\/uploads\/2018\/10\/23.-Lena-Margr\u00e9t-Valdimarsd\u00f3ttir-300x300.jpg\" alt=\"\" width=\"300\" height=\"300\" \/><\/a><figcaption id=\"caption-attachment-19292\" class=\"wp-caption-text\">Meistaraflokkur Fram konur 2018 &#8211; 2019<\/figcaption><\/figure>\n<figure id=\"attachment_19296\" aria-describedby=\"caption-attachment-19296\" style=\"width: 300px\" class=\"wp-caption alignright\"><a href=\"http:\/\/fram.is\/is\/fram-handbolti-mfl-kvenna-12\/\"><img loading=\"lazy\" decoding=\"async\" class=\"size-medium wp-image-19296\" src=\"http:\/\/fram.is\/wp-content\/uploads\/2018\/10\/2.-Sara-Sif-Helgad\u00f3ttir-300x300.jpg\" alt=\"\" width=\"300\" height=\"300\" \/><\/a><figcaption id=\"caption-attachment-19296\" class=\"wp-caption-text\">Meistaraflokkur Fram konur 2018 &#8211; 2019<\/figcaption><\/figure>\n<p>Stef\u00e1n Arnarson og Sigurgeir J\u00f3nsson, \u00fej\u00e1lfarar U-19 \u00e1ra landsli\u00f0s \u00cdslands kvenna \u00ed handbolta, hafa vali\u00f0 24 manna h\u00f3p til \u00e6finga 22. \u2013 25. n\u00f3vember.<\/p>\n<p>Vi\u00f0 FRAMarar erum stoltir af \u00fev\u00ed a\u00f0 eiga fimm leikmenn \u00ed \u00feessu \u00e6fingah\u00f3pi en \u00fe\u00e6r sem voru valdar fr\u00e1 FRAM a\u00f0 \u00feessu sinni eru:<\/p>\n<p>Erna Gu\u00f0laug Gunnarsd\u00f3ttir\u00a0\u00a0\u00a0\u00a0\u00a0\u00a0\u00a0\u00a0\u00a0\u00a0\u00a0\u00a0\u00a0\u00a0\u00a0\u00a0\u00a0\u00a0\u00a0\u00a0\u00a0\u00a0\u00a0 FRAM<br \/>\nHarpa Mar\u00eda Fri\u00f0geirsd\u00f3ttir\u00a0\u00a0\u00a0\u00a0\u00a0\u00a0\u00a0\u00a0\u00a0\u00a0\u00a0\u00a0\u00a0\u00a0\u00a0\u00a0\u00a0\u00a0\u00a0\u00a0\u00a0\u00a0\u00a0\u00a0 FRAM<br \/>\nJ\u00f3n\u00edna Hl\u00edn Hansd\u00f3ttir\u00a0 \u00a0 \u00a0 \u00a0 \u00a0 \u00a0 \u00a0 \u00a0 \u00a0 \u00a0 \u00a0 \u00a0 \u00a0 \u00a0 \u00a0 \u00a0 \u00a0FRAM<br \/>\nLena Margr\u00e9t Valdimarsd\u00f3ttir\u00a0 \u00a0 \u00a0 \u00a0 \u00a0 \u00a0 \u00a0 \u00a0 \u00a0 \u00a0 \u00a0 \u00a0FRAM<br \/>\nSara Sif Helgad\u00f3ttir\u00a0 \u00a0 \u00a0 \u00a0 \u00a0 \u00a0 \u00a0 \u00a0 \u00a0 \u00a0 \u00a0 \u00a0 \u00a0 \u00a0 \u00a0 \u00a0 \u00a0 \u00a0 \u00a0 FRAM<\/p>\n<p>Gangi ykkur vel.<\/p>\n<p>\u00c1FRAM FRAM<\/p>","protected":false},"excerpt":{"rendered":"<p>Stef\u00e1n Arnarson og Sigurgeir J\u00f3nsson, \u00fej\u00e1lfarar U-19 \u00e1ra landsli\u00f0s \u00cdslands kvenna \u00ed handbolta, hafa vali\u00f0 24 manna h\u00f3p til \u00e6finga 22. \u2013 25. n\u00f3vember. Vi\u00f0 FRAMarar erum stoltir af \u00fev\u00ed [&hellip;]<\/p>","protected":false},"author":4,"featured_media":19479,"comment_status":"open","ping_status":"open","sticky":false,"template":"","format":"standard","meta":{"_monsterinsights_skip_tracking":false,"_monsterinsights_sitenote_active":false,"_monsterinsights_sitenote_note":"","_monsterinsights_sitenote_category":0,"_jetpack_memberships_contains_paid_content":false,"footnotes":""},"categories":[7,6,15],"tags":[],"class_list":["post-19478","post","type-post","status-publish","format-standard","has-post-thumbnail","hentry","category-yngri-flokkar","category-handbolti","category-mfl-kvenna"],"jetpack_sharing_enabled":true,"jetpack_featured_media_url":"https:\/\/fram.is\/wp-content\/uploads\/2018\/11\/Lena-gegn-\u00cdBV-vefur.jpg","_links":{"self":[{"href":"https:\/\/fram.is\/is\/wp-json\/wp\/v2\/posts\/19478","targetHints":{"allow":["GET"]}}],"collection":[{"href":"https:\/\/fram.is\/is\/wp-json\/wp\/v2\/posts"}],"about":[{"href":"https:\/\/fram.is\/is\/wp-json\/wp\/v2\/types\/post"}],"author":[{"embeddable":true,"href":"https:\/\/fram.is\/is\/wp-json\/wp\/v2\/users\/4"}],"replies":[{"embeddable":true,"href":"https:\/\/fram.is\/is\/wp-json\/wp\/v2\/comments?post=19478"}],"version-history":[{"count":0,"href":"https:\/\/fram.is\/is\/wp-json\/wp\/v2\/posts\/19478\/revisions"}],"wp:featuredmedia":[{"embeddable":true,"href":"https:\/\/fram.is\/is\/wp-json\/wp\/v2\/media\/19479"}],"wp:attachment":[{"href":"https:\/\/fram.is\/is\/wp-json\/wp\/v2\/media?parent=19478"}],"wp:term":[{"taxonomy":"category","embeddable":true,"href":"https:\/\/fram.is\/is\/wp-json\/wp\/v2\/categories?post=19478"},{"taxonomy":"post_tag","embeddable":true,"href":"https:\/\/fram.is\/is\/wp-json\/wp\/v2\/tags?post=19478"}],"curies":[{"name":"wp","href":"https:\/\/api.w.org\/{rel}","templated":true}]}}