{"id":19481,"date":"2018-11-12T10:17:03","date_gmt":"2018-11-12T10:17:03","guid":{"rendered":"http:\/\/fram.is\/?p=19481"},"modified":"2018-11-12T10:17:03","modified_gmt":"2018-11-12T10:17:03","slug":"dadey-asta-valinn-i-aefingahop-islands-u-17-kvenna","status":"publish","type":"post","link":"https:\/\/fram.is\/is\/2018\/11\/12\/dadey-asta-valinn-i-aefingahop-islands-u-17-kvenna\/","title":{"rendered":"Da\u00f0ey \u00c1sta valinn \u00ed \u00e6fingah\u00f3p \u00cdslands U-17 kvenna"},"content":{"rendered":"<p><a href=\"http:\/\/fram.is\/is\/2018\/05\/sex-fra-fram-i-landslidum-islands-u18-og-u20-kvenna\/dadey-gegn-ibv\/\"><img fetchpriority=\"high\" decoding=\"async\" class=\"alignright size-medium wp-image-18189\" src=\"http:\/\/fram.is\/wp-content\/uploads\/2018\/05\/Da\u00f0ey-gegn-ibv-261x300.jpg\" alt=\"\" width=\"261\" height=\"300\" \/><\/a>Rakel D\u00f6gg Bragad\u00f3ttir og Sigurj\u00f3n F. Bj\u00f6rnsson, \u00fej\u00e1lfarar U-17 \u00e1ra landsli\u00f0s \u00cdslands \u00a0kvenna \u00ed handbolta hafa vali\u00f0 28 manna h\u00f3p til \u00e6finga 22. \u2013 25. n\u00f3vember.<\/p>\n<p>Vi\u00f0 FRAMarar erum stoltir af \u00fev\u00ed a\u00f0 eiga einn fulltr\u00faa \u00ed \u00feessum \u00e6fingah\u00f3pi en Da\u00f0ey \u00c1sta H\u00e1lfd\u00e1nsd\u00f3ttir var valinn fr\u00e1 FRAM a\u00f0 \u00feessu sinni.<\/p>\n<p>Da\u00f0ey \u00c1sta H\u00e1lfd\u00e1nsd\u00f3ttir\u00a0\u00a0\u00a0\u00a0\u00a0\u00a0\u00a0\u00a0\u00a0\u00a0\u00a0\u00a0\u00a0\u00a0\u00a0\u00a0\u00a0\u00a0\u00a0\u00a0\u00a0\u00a0\u00a0\u00a0\u00a0\u00a0 FRAM<\/p>\n<p>Gangi \u00fe\u00e9r vel Da\u00f0ey \u00c1sta.<\/p>\n<p>\u00c1FRAM FRAM<\/p>","protected":false},"excerpt":{"rendered":"<p>Rakel D\u00f6gg Bragad\u00f3ttir og Sigurj\u00f3n F. Bj\u00f6rnsson, \u00fej\u00e1lfarar U-17 \u00e1ra landsli\u00f0s \u00cdslands \u00a0kvenna \u00ed handbolta hafa vali\u00f0 28 manna h\u00f3p til \u00e6finga 22. \u2013 25. n\u00f3vember. Vi\u00f0 FRAMarar erum stoltir [&hellip;]<\/p>","protected":false},"author":4,"featured_media":15135,"comment_status":"open","ping_status":"open","sticky":false,"template":"","format":"standard","meta":{"_monsterinsights_skip_tracking":false,"_monsterinsights_sitenote_active":false,"_monsterinsights_sitenote_note":"","_monsterinsights_sitenote_category":0,"_jetpack_memberships_contains_paid_content":false,"footnotes":""},"categories":[7,6],"tags":[],"class_list":["post-19481","post","type-post","status-publish","format-standard","has-post-thumbnail","hentry","category-yngri-flokkar","category-handbolti"],"jetpack_sharing_enabled":true,"jetpack_featured_media_url":"https:\/\/fram.is\/wp-content\/uploads\/2017\/03\/Da\u00f0ey-\u00e1sta-vefur.jpg","_links":{"self":[{"href":"https:\/\/fram.is\/is\/wp-json\/wp\/v2\/posts\/19481","targetHints":{"allow":["GET"]}}],"collection":[{"href":"https:\/\/fram.is\/is\/wp-json\/wp\/v2\/posts"}],"about":[{"href":"https:\/\/fram.is\/is\/wp-json\/wp\/v2\/types\/post"}],"author":[{"embeddable":true,"href":"https:\/\/fram.is\/is\/wp-json\/wp\/v2\/users\/4"}],"replies":[{"embeddable":true,"href":"https:\/\/fram.is\/is\/wp-json\/wp\/v2\/comments?post=19481"}],"version-history":[{"count":0,"href":"https:\/\/fram.is\/is\/wp-json\/wp\/v2\/posts\/19481\/revisions"}],"wp:featuredmedia":[{"embeddable":true,"href":"https:\/\/fram.is\/is\/wp-json\/wp\/v2\/media\/15135"}],"wp:attachment":[{"href":"https:\/\/fram.is\/is\/wp-json\/wp\/v2\/media?parent=19481"}],"wp:term":[{"taxonomy":"category","embeddable":true,"href":"https:\/\/fram.is\/is\/wp-json\/wp\/v2\/categories?post=19481"},{"taxonomy":"post_tag","embeddable":true,"href":"https:\/\/fram.is\/is\/wp-json\/wp\/v2\/tags?post=19481"}],"curies":[{"name":"wp","href":"https:\/\/api.w.org\/{rel}","templated":true}]}}